{"id":2591,"date":"2013-03-10T14:27:15","date_gmt":"2013-03-10T14:27:15","guid":{"rendered":"https:\/\/lavanguardiadecuenca.es\/?p=2591"},"modified":"2013-03-10T14:27:15","modified_gmt":"2013-03-10T14:27:15","slug":"miles-de-personas-se-manifiestan-contra-el-paro-y-los-recortes-en-servicios-publicos","status":"publish","type":"post","link":"https:\/\/lavanguardiadecuenca.es\/?p=2591","title":{"rendered":"Miles de personas se manifiestan contra el paro y los recortes en servicios p\u00fablicos"},"content":{"rendered":"<div id=\"subtitulo_noticia\">\n<ul>\n<li>La Cumbre Social convoca m\u00e1s de 60 actos de protesta en toda Espa\u00f1a<\/li>\n<\/ul>\n<\/div>\n<ul>\n<li><a href=\"http:\/\/politica.elpais.com\/politica\/2013\/02\/23\/actualidad\/1361640649_787725.html\"><strong>Miles<br \/>\nde manifestantes el 23-F en Madrid: \u201cTus sobres, mis recortes\u201d<\/strong>&#0160;<\/a>&#0160;<\/li>\n<\/ul>\n<p><a href=\"\/autor\/el_pais\/a\/\" rel=\"author\" title=\"Ver todas las noticias de El Pa\u00eds\">El Pa\u00eds<\/a> Madrid<br \/>\n(<a href=\"http:\/\/politica.elpais.com\/politica\/2013\/03\/10\/actualidad\/1362918082_098211.html\" target=\"_self\">Ver aqu\u00ed<\/a>)<\/p>\n<p>\n<a class=\"asset-img-link\" href=\"http:\/\/jabuedo.typepad.com\/.a\/6a00d8341c734753ef017ee92368b1970d-pi\" style=\"display: inline;\"><img decoding=\"async\" alt=\"Manifestaci\u00f3n 10 M\" border=\"0\" class=\"asset  asset-image at-xid-6a00d8341c734753ef017ee92368b1970d image-full\" src=\"https:\/\/jabuedo.typepad.com\/.a\/6a00d8341c734753ef017ee92368b1970d-800wi\" title=\"Manifestaci\u00f3n 10 M\" \/><\/a><br \/>Cabecera de la manifestaci\u00f3n en Madrid contra los recortes. \/ Paco Campos (EFE)<\/p>\n<div id=\"cuerpo_noticia\">\n<p>Miles de personas se manifiestan este domingo en m\u00e1s de 60 ciudades de Espa\u00f1a <br \/>contra el paro y los recortes en servicios p\u00fablicos. La marcha de Madrid, <br \/>convocada por la llamada Cumbre Social \u2013una plataforma de 150 organizaciones <br \/>sindicales, pol\u00edticas, sociales y ciudadanas-, ha congregado alrededor de un <br \/>millar de personas, <a href=\"http:\/\/elpais.com\/elpais\/2013\/02\/23\/album\/1361642506_984847.html#1361642506_984847_1361643362\">una <br \/>afluencia notablemente inferior a la de otras convocatorias de este <br \/>tipo<\/a>.<\/p>\n<p>La manifestaci\u00f3n de la capital, encabezada por una pancarta cuyo lema era <br \/><em>Contra el paro, seis millones de razones<\/em>, ha contado con la <br \/>participaci\u00f3n de los secretarios generales de CC OO y UGT, Ignacio Fern\u00e1ndez <br \/>Toxo y C\u00e1ndido M\u00e9ndez; el coordinador general de IU, Cayo Lara, o la secretaria <br \/>de Igualdad del PSOE, Purificaci\u00f3n Causapi\u00e9. En una rueda de prensa antes de que <br \/>arrancara la marcha, los l\u00edderes de los sindicatos han asegurado que esta <br \/>convocatoria pretende mostrar \u201cun s\u00ed rotundo a las pol\u00edticas de empleo, de <br \/>defensa de los derechos sociales y de regeneraci\u00f3n democr\u00e1tica\u201d.<\/p>\n<p>Esta iniciativa se enmarca en la jornada de lucha europea que ha convocado la <br \/>Confederaci\u00f3n Europea de Sindicatos (CES) para los pr\u00f3ximos 13 y 14 de marzo en <br \/>todos los pa\u00edses de la UE. Adem\u00e1s, coincidiendo con la Cumbre de Primavera se <br \/>producir\u00e1 una gran concentraci\u00f3n de todos los sindicatos europeos en <br \/>Bruselas.<\/p>\n<\/div>\n<ul>\n<\/ul>\n<div>\n<\/div>\n","protected":false},"excerpt":{"rendered":"<p>La Cumbre Social convoca m\u00e1s de 60 actos de protesta en toda Espa\u00f1a Miles de manifestantes el 23-F en Madrid: \u201cTus sobres, mis recortes\u201d&#0160;&#0160; El Pa\u00eds Madrid (Ver aqu\u00ed) Cabecera de la manifestaci\u00f3n en Madrid contra los recortes. \/ Paco Campos (EFE) Miles de personas se manifiestan este domingo en m\u00e1s de 60 ciudades de&#8230;<\/p>\n","protected":false},"author":1,"featured_media":0,"comment_status":"open","ping_status":"open","sticky":false,"template":"","format":"standard","meta":{"rop_custom_images_group":[],"rop_custom_messages_group":[],"rop_publish_now":"initial","rop_publish_now_accounts":[],"rop_publish_now_history":[],"rop_publish_now_status":"pending","footnotes":""},"categories":[2,13,10,14,16,8],"tags":[],"class_list":["post-2591","post","type-post","status-publish","format-standard","hentry","category-actualidad","category-administracion-publica","category-comunicacion","category-economia","category-politica","category-sociedad"],"yoast_head":"<!-- This site is optimized with the Yoast SEO plugin v27.5 - https:\/\/yoast.com\/product\/yoast-seo-wordpress\/ -->\n<title>Miles de personas se manifiestan contra el paro y los recortes en servicios p\u00fablicos - La Vanguardia de Cuenca<\/title>\n<meta name=\"robots\" content=\"index, follow, max-snippet:-1, max-image-preview:large, max-video-preview:-1\" \/>\n<link rel=\"canonical\" href=\"https:\/\/lavanguardiadecuenca.es\/?p=2591\" \/>\n<meta property=\"og:locale\" content=\"es_ES\" \/>\n<meta property=\"og:type\" content=\"article\" \/>\n<meta property=\"og:title\" content=\"Miles de personas se manifiestan contra el paro y los recortes en servicios p\u00fablicos - La Vanguardia de Cuenca\" \/>\n<meta property=\"og:description\" content=\"La Cumbre Social convoca m\u00e1s de 60 actos de protesta en toda Espa\u00f1a Miles de manifestantes el 23-F en Madrid: \u201cTus sobres, mis recortes\u201d&#160;&#160; El Pa\u00eds Madrid (Ver aqu\u00ed) Cabecera de la manifestaci\u00f3n en Madrid contra los recortes. \/ Paco Campos (EFE) Miles de personas se manifiestan este domingo en m\u00e1s de 60 ciudades de...\" \/>\n<meta property=\"og:url\" content=\"https:\/\/lavanguardiadecuenca.es\/?p=2591\" \/>\n<meta property=\"og:site_name\" content=\"La Vanguardia de Cuenca\" \/>\n<meta property=\"article:published_time\" content=\"2013-03-10T14:27:15+00:00\" \/>\n<meta property=\"og:image\" content=\"https:\/\/jabuedo.typepad.com\/.a\/6a00d8341c734753ef017ee92368b1970d-800wi\" \/>\n<meta name=\"author\" content=\"admin6567\" \/>\n<meta name=\"twitter:card\" content=\"summary_large_image\" \/>\n<meta name=\"twitter:label1\" content=\"Escrito por\" \/>\n\t<meta name=\"twitter:data1\" content=\"admin6567\" \/>\n\t<meta name=\"twitter:label2\" content=\"Tiempo de lectura\" \/>\n\t<meta name=\"twitter:data2\" content=\"1 minuto\" \/>\n<script type=\"application\/ld+json\" class=\"yoast-schema-graph\">{\"@context\":\"https:\\\/\\\/schema.org\",\"@graph\":[{\"@type\":\"Article\",\"@id\":\"https:\\\/\\\/lavanguardiadecuenca.es\\\/?p=2591#article\",\"isPartOf\":{\"@id\":\"https:\\\/\\\/lavanguardiadecuenca.es\\\/?p=2591\"},\"author\":{\"name\":\"admin6567\",\"@id\":\"https:\\\/\\\/lavanguardiadecuenca.es\\\/#\\\/schema\\\/person\\\/533d101fbc2a9ecf6af26aeddcaf1abd\"},\"headline\":\"Miles de personas se manifiestan contra el paro y los recortes en servicios p\u00fablicos\",\"datePublished\":\"2013-03-10T14:27:15+00:00\",\"mainEntityOfPage\":{\"@id\":\"https:\\\/\\\/lavanguardiadecuenca.es\\\/?p=2591\"},\"wordCount\":286,\"commentCount\":0,\"publisher\":{\"@id\":\"https:\\\/\\\/lavanguardiadecuenca.es\\\/#\\\/schema\\\/person\\\/efd3b99fe10ec3fad96a88f3ae7d092f\"},\"image\":{\"@id\":\"https:\\\/\\\/lavanguardiadecuenca.es\\\/?p=2591#primaryimage\"},\"thumbnailUrl\":\"https:\\\/\\\/jabuedo.typepad.com\\\/.a\\\/6a00d8341c734753ef017ee92368b1970d-800wi\",\"articleSection\":[\"Actualidad\",\"Administraci\u00f3n P\u00fablica\",\"Comunicaci\u00f3n\",\"Econom\u00eda\",\"Pol\u00edtica\",\"Sociedad\"],\"inLanguage\":\"es\",\"potentialAction\":[{\"@type\":\"CommentAction\",\"name\":\"Comment\",\"target\":[\"https:\\\/\\\/lavanguardiadecuenca.es\\\/?p=2591#respond\"]}]},{\"@type\":\"WebPage\",\"@id\":\"https:\\\/\\\/lavanguardiadecuenca.es\\\/?p=2591\",\"url\":\"https:\\\/\\\/lavanguardiadecuenca.es\\\/?p=2591\",\"name\":\"Miles de personas se manifiestan contra el paro y los recortes en servicios p\u00fablicos - La Vanguardia de Cuenca\",\"isPartOf\":{\"@id\":\"https:\\\/\\\/lavanguardiadecuenca.es\\\/#website\"},\"primaryImageOfPage\":{\"@id\":\"https:\\\/\\\/lavanguardiadecuenca.es\\\/?p=2591#primaryimage\"},\"image\":{\"@id\":\"https:\\\/\\\/lavanguardiadecuenca.es\\\/?p=2591#primaryimage\"},\"thumbnailUrl\":\"https:\\\/\\\/jabuedo.typepad.com\\\/.a\\\/6a00d8341c734753ef017ee92368b1970d-800wi\",\"datePublished\":\"2013-03-10T14:27:15+00:00\",\"breadcrumb\":{\"@id\":\"https:\\\/\\\/lavanguardiadecuenca.es\\\/?p=2591#breadcrumb\"},\"inLanguage\":\"es\",\"potentialAction\":[{\"@type\":\"ReadAction\",\"target\":[\"https:\\\/\\\/lavanguardiadecuenca.es\\\/?p=2591\"]}]},{\"@type\":\"ImageObject\",\"inLanguage\":\"es\",\"@id\":\"https:\\\/\\\/lavanguardiadecuenca.es\\\/?p=2591#primaryimage\",\"url\":\"https:\\\/\\\/jabuedo.typepad.com\\\/.a\\\/6a00d8341c734753ef017ee92368b1970d-800wi\",\"contentUrl\":\"https:\\\/\\\/jabuedo.typepad.com\\\/.a\\\/6a00d8341c734753ef017ee92368b1970d-800wi\"},{\"@type\":\"BreadcrumbList\",\"@id\":\"https:\\\/\\\/lavanguardiadecuenca.es\\\/?p=2591#breadcrumb\",\"itemListElement\":[{\"@type\":\"ListItem\",\"position\":1,\"name\":\"Portada\",\"item\":\"https:\\\/\\\/lavanguardiadecuenca.es\\\/\"},{\"@type\":\"ListItem\",\"position\":2,\"name\":\"Miles de personas se manifiestan contra el paro y los recortes en servicios p\u00fablicos\"}]},{\"@type\":\"WebSite\",\"@id\":\"https:\\\/\\\/lavanguardiadecuenca.es\\\/#website\",\"url\":\"https:\\\/\\\/lavanguardiadecuenca.es\\\/\",\"name\":\"La Vanguardia de Cuenca\",\"description\":\"Intereses: comunicaci\u00f3n y actualidad en general, weblogs, sociedad, pol\u00edtica\",\"publisher\":{\"@id\":\"https:\\\/\\\/lavanguardiadecuenca.es\\\/#\\\/schema\\\/person\\\/efd3b99fe10ec3fad96a88f3ae7d092f\"},\"potentialAction\":[{\"@type\":\"SearchAction\",\"target\":{\"@type\":\"EntryPoint\",\"urlTemplate\":\"https:\\\/\\\/lavanguardiadecuenca.es\\\/?s={search_term_string}\"},\"query-input\":{\"@type\":\"PropertyValueSpecification\",\"valueRequired\":true,\"valueName\":\"search_term_string\"}}],\"inLanguage\":\"es\"},{\"@type\":[\"Person\",\"Organization\"],\"@id\":\"https:\\\/\\\/lavanguardiadecuenca.es\\\/#\\\/schema\\\/person\\\/efd3b99fe10ec3fad96a88f3ae7d092f\",\"name\":\"Juan Andr\u00e9s Buedo\",\"image\":{\"@type\":\"ImageObject\",\"inLanguage\":\"es\",\"@id\":\"https:\\\/\\\/lavanguardiadecuenca.es\\\/wp-content\\\/uploads\\\/2025\\\/09\\\/6a00d8341c734753ef0278801a3634200d-250si.jpg\",\"url\":\"https:\\\/\\\/lavanguardiadecuenca.es\\\/wp-content\\\/uploads\\\/2025\\\/09\\\/6a00d8341c734753ef0278801a3634200d-250si.jpg\",\"contentUrl\":\"https:\\\/\\\/lavanguardiadecuenca.es\\\/wp-content\\\/uploads\\\/2025\\\/09\\\/6a00d8341c734753ef0278801a3634200d-250si.jpg\",\"width\":250,\"height\":250,\"caption\":\"Juan Andr\u00e9s Buedo\"},\"logo\":{\"@id\":\"https:\\\/\\\/lavanguardiadecuenca.es\\\/wp-content\\\/uploads\\\/2025\\\/09\\\/6a00d8341c734753ef0278801a3634200d-250si.jpg\"},\"sameAs\":[\"https:\\\/\\\/lavanguardiadecuenca.es\\\/\"]},{\"@type\":\"Person\",\"@id\":\"https:\\\/\\\/lavanguardiadecuenca.es\\\/#\\\/schema\\\/person\\\/533d101fbc2a9ecf6af26aeddcaf1abd\",\"name\":\"admin6567\",\"image\":{\"@type\":\"ImageObject\",\"inLanguage\":\"es\",\"@id\":\"https:\\\/\\\/secure.gravatar.com\\\/avatar\\\/79503df8b75d394ce1e22cb5293c3e8fee42d212f6de88e2d65bfaa128f73542?s=96&d=mm&r=g\",\"url\":\"https:\\\/\\\/secure.gravatar.com\\\/avatar\\\/79503df8b75d394ce1e22cb5293c3e8fee42d212f6de88e2d65bfaa128f73542?s=96&d=mm&r=g\",\"contentUrl\":\"https:\\\/\\\/secure.gravatar.com\\\/avatar\\\/79503df8b75d394ce1e22cb5293c3e8fee42d212f6de88e2d65bfaa128f73542?s=96&d=mm&r=g\",\"caption\":\"admin6567\"},\"sameAs\":[\"http:\\\/\\\/lavanguardiadecuenca.es\"],\"url\":\"https:\\\/\\\/lavanguardiadecuenca.es\\\/?author=1\"}]}<\/script>\n<!-- \/ Yoast SEO plugin. -->","yoast_head_json":{"title":"Miles de personas se manifiestan contra el paro y los recortes en servicios p\u00fablicos - La Vanguardia de Cuenca","robots":{"index":"index","follow":"follow","max-snippet":"max-snippet:-1","max-image-preview":"max-image-preview:large","max-video-preview":"max-video-preview:-1"},"canonical":"https:\/\/lavanguardiadecuenca.es\/?p=2591","og_locale":"es_ES","og_type":"article","og_title":"Miles de personas se manifiestan contra el paro y los recortes en servicios p\u00fablicos - La Vanguardia de Cuenca","og_description":"La Cumbre Social convoca m\u00e1s de 60 actos de protesta en toda Espa\u00f1a Miles de manifestantes el 23-F en Madrid: \u201cTus sobres, mis recortes\u201d&#0160;&#0160; El Pa\u00eds Madrid (Ver aqu\u00ed) Cabecera de la manifestaci\u00f3n en Madrid contra los recortes. \/ Paco Campos (EFE) Miles de personas se manifiestan este domingo en m\u00e1s de 60 ciudades de...","og_url":"https:\/\/lavanguardiadecuenca.es\/?p=2591","og_site_name":"La Vanguardia de Cuenca","article_published_time":"2013-03-10T14:27:15+00:00","og_image":[{"url":"https:\/\/jabuedo.typepad.com\/.a\/6a00d8341c734753ef017ee92368b1970d-800wi","type":"","width":"","height":""}],"author":"admin6567","twitter_card":"summary_large_image","twitter_misc":{"Escrito por":"admin6567","Tiempo de lectura":"1 minuto"},"schema":{"@context":"https:\/\/schema.org","@graph":[{"@type":"Article","@id":"https:\/\/lavanguardiadecuenca.es\/?p=2591#article","isPartOf":{"@id":"https:\/\/lavanguardiadecuenca.es\/?p=2591"},"author":{"name":"admin6567","@id":"https:\/\/lavanguardiadecuenca.es\/#\/schema\/person\/533d101fbc2a9ecf6af26aeddcaf1abd"},"headline":"Miles de personas se manifiestan contra el paro y los recortes en servicios p\u00fablicos","datePublished":"2013-03-10T14:27:15+00:00","mainEntityOfPage":{"@id":"https:\/\/lavanguardiadecuenca.es\/?p=2591"},"wordCount":286,"commentCount":0,"publisher":{"@id":"https:\/\/lavanguardiadecuenca.es\/#\/schema\/person\/efd3b99fe10ec3fad96a88f3ae7d092f"},"image":{"@id":"https:\/\/lavanguardiadecuenca.es\/?p=2591#primaryimage"},"thumbnailUrl":"https:\/\/jabuedo.typepad.com\/.a\/6a00d8341c734753ef017ee92368b1970d-800wi","articleSection":["Actualidad","Administraci\u00f3n P\u00fablica","Comunicaci\u00f3n","Econom\u00eda","Pol\u00edtica","Sociedad"],"inLanguage":"es","potentialAction":[{"@type":"CommentAction","name":"Comment","target":["https:\/\/lavanguardiadecuenca.es\/?p=2591#respond"]}]},{"@type":"WebPage","@id":"https:\/\/lavanguardiadecuenca.es\/?p=2591","url":"https:\/\/lavanguardiadecuenca.es\/?p=2591","name":"Miles de personas se manifiestan contra el paro y los recortes en servicios p\u00fablicos - La Vanguardia de Cuenca","isPartOf":{"@id":"https:\/\/lavanguardiadecuenca.es\/#website"},"primaryImageOfPage":{"@id":"https:\/\/lavanguardiadecuenca.es\/?p=2591#primaryimage"},"image":{"@id":"https:\/\/lavanguardiadecuenca.es\/?p=2591#primaryimage"},"thumbnailUrl":"https:\/\/jabuedo.typepad.com\/.a\/6a00d8341c734753ef017ee92368b1970d-800wi","datePublished":"2013-03-10T14:27:15+00:00","breadcrumb":{"@id":"https:\/\/lavanguardiadecuenca.es\/?p=2591#breadcrumb"},"inLanguage":"es","potentialAction":[{"@type":"ReadAction","target":["https:\/\/lavanguardiadecuenca.es\/?p=2591"]}]},{"@type":"ImageObject","inLanguage":"es","@id":"https:\/\/lavanguardiadecuenca.es\/?p=2591#primaryimage","url":"https:\/\/jabuedo.typepad.com\/.a\/6a00d8341c734753ef017ee92368b1970d-800wi","contentUrl":"https:\/\/jabuedo.typepad.com\/.a\/6a00d8341c734753ef017ee92368b1970d-800wi"},{"@type":"BreadcrumbList","@id":"https:\/\/lavanguardiadecuenca.es\/?p=2591#breadcrumb","itemListElement":[{"@type":"ListItem","position":1,"name":"Portada","item":"https:\/\/lavanguardiadecuenca.es\/"},{"@type":"ListItem","position":2,"name":"Miles de personas se manifiestan contra el paro y los recortes en servicios p\u00fablicos"}]},{"@type":"WebSite","@id":"https:\/\/lavanguardiadecuenca.es\/#website","url":"https:\/\/lavanguardiadecuenca.es\/","name":"La Vanguardia de Cuenca","description":"Intereses: comunicaci\u00f3n y actualidad en general, weblogs, sociedad, pol\u00edtica","publisher":{"@id":"https:\/\/lavanguardiadecuenca.es\/#\/schema\/person\/efd3b99fe10ec3fad96a88f3ae7d092f"},"potentialAction":[{"@type":"SearchAction","target":{"@type":"EntryPoint","urlTemplate":"https:\/\/lavanguardiadecuenca.es\/?s={search_term_string}"},"query-input":{"@type":"PropertyValueSpecification","valueRequired":true,"valueName":"search_term_string"}}],"inLanguage":"es"},{"@type":["Person","Organization"],"@id":"https:\/\/lavanguardiadecuenca.es\/#\/schema\/person\/efd3b99fe10ec3fad96a88f3ae7d092f","name":"Juan Andr\u00e9s Buedo","image":{"@type":"ImageObject","inLanguage":"es","@id":"https:\/\/lavanguardiadecuenca.es\/wp-content\/uploads\/2025\/09\/6a00d8341c734753ef0278801a3634200d-250si.jpg","url":"https:\/\/lavanguardiadecuenca.es\/wp-content\/uploads\/2025\/09\/6a00d8341c734753ef0278801a3634200d-250si.jpg","contentUrl":"https:\/\/lavanguardiadecuenca.es\/wp-content\/uploads\/2025\/09\/6a00d8341c734753ef0278801a3634200d-250si.jpg","width":250,"height":250,"caption":"Juan Andr\u00e9s Buedo"},"logo":{"@id":"https:\/\/lavanguardiadecuenca.es\/wp-content\/uploads\/2025\/09\/6a00d8341c734753ef0278801a3634200d-250si.jpg"},"sameAs":["https:\/\/lavanguardiadecuenca.es\/"]},{"@type":"Person","@id":"https:\/\/lavanguardiadecuenca.es\/#\/schema\/person\/533d101fbc2a9ecf6af26aeddcaf1abd","name":"admin6567","image":{"@type":"ImageObject","inLanguage":"es","@id":"https:\/\/secure.gravatar.com\/avatar\/79503df8b75d394ce1e22cb5293c3e8fee42d212f6de88e2d65bfaa128f73542?s=96&d=mm&r=g","url":"https:\/\/secure.gravatar.com\/avatar\/79503df8b75d394ce1e22cb5293c3e8fee42d212f6de88e2d65bfaa128f73542?s=96&d=mm&r=g","contentUrl":"https:\/\/secure.gravatar.com\/avatar\/79503df8b75d394ce1e22cb5293c3e8fee42d212f6de88e2d65bfaa128f73542?s=96&d=mm&r=g","caption":"admin6567"},"sameAs":["http:\/\/lavanguardiadecuenca.es"],"url":"https:\/\/lavanguardiadecuenca.es\/?author=1"}]}},"_links":{"self":[{"href":"https:\/\/lavanguardiadecuenca.es\/index.php?rest_route=\/wp\/v2\/posts\/2591","targetHints":{"allow":["GET"]}}],"collection":[{"href":"https:\/\/lavanguardiadecuenca.es\/index.php?rest_route=\/wp\/v2\/posts"}],"about":[{"href":"https:\/\/lavanguardiadecuenca.es\/index.php?rest_route=\/wp\/v2\/types\/post"}],"author":[{"embeddable":true,"href":"https:\/\/lavanguardiadecuenca.es\/index.php?rest_route=\/wp\/v2\/users\/1"}],"replies":[{"embeddable":true,"href":"https:\/\/lavanguardiadecuenca.es\/index.php?rest_route=%2Fwp%2Fv2%2Fcomments&post=2591"}],"version-history":[{"count":0,"href":"https:\/\/lavanguardiadecuenca.es\/index.php?rest_route=\/wp\/v2\/posts\/2591\/revisions"}],"wp:attachment":[{"href":"https:\/\/lavanguardiadecuenca.es\/index.php?rest_route=%2Fwp%2Fv2%2Fmedia&parent=2591"}],"wp:term":[{"taxonomy":"category","embeddable":true,"href":"https:\/\/lavanguardiadecuenca.es\/index.php?rest_route=%2Fwp%2Fv2%2Fcategories&post=2591"},{"taxonomy":"post_tag","embeddable":true,"href":"https:\/\/lavanguardiadecuenca.es\/index.php?rest_route=%2Fwp%2Fv2%2Ftags&post=2591"}],"curies":[{"name":"wp","href":"https:\/\/api.w.org\/{rel}","templated":true}]}}