{"id":2584,"date":"2013-03-12T19:35:13","date_gmt":"2013-03-12T19:35:13","guid":{"rendered":"https:\/\/lavanguardiadecuenca.es\/?p=2584"},"modified":"2013-03-12T19:35:13","modified_gmt":"2013-03-12T19:35:13","slug":"arranca-el-conclave-de-la-renovacion-por-pablo-ordaz","status":"publish","type":"post","link":"https:\/\/lavanguardiadecuenca.es\/?p=2584","title":{"rendered":"Arranca el c\u00f3nclave de la renovaci\u00f3n (por Pablo Ordaz)"},"content":{"rendered":"<p>LA ELECCI\u00d3N DE UN NUEVO PAPA<\/p>\n<div id=\"subtitulo_noticia\">\n<ul>\n<li>El italiano Scola y el brasile\u00f1o Scherer parten como favoritos en los pron\u00f3sticos<\/li>\n<li>Los cardenales dedican el \u00faltimo consistorio general a la banca vaticana<\/li>\n<\/ul>\n<\/div>\n<div>\n<ul>\n<li><a href=\"http:\/\/elpais.com\/especiales\/2013\/eleccion-nuevo-papa\/conclave\/\"><strong>INFOGRAF\u00cdA: El c\u00f3nclave, paso a paso<\/strong> <\/a><\/li>\n<li><a href=\"http:\/\/elpais.com\/especiales\/2013\/eleccion-nuevo-papa\/\"><strong>ESPECIAL: Los cardenales del c\u00f3nclave<\/strong> <\/a><\/li>\n<\/ul>\n<\/div>\n<div><a href=\"\/autor\/pablo_ordaz\/a\/\" rel=\"author\" title=\"Ver todas las noticias de Pablo Ordaz\">Pablo Ordaz<\/a> Roma (Publicado en <em>El Pa\u00eds<\/em>, <a href=\"http:\/\/internacional.elpais.com\/internacional\/2013\/03\/11\/actualidad\/1363034271_948231.html\" target=\"_self\">aqu\u00ed<\/a>)<\/div>\n<div><img loading=\"lazy\" decoding=\"async\" alt=\"\" height=\"373\" src=\"http:\/\/ep01.epimg.net\/internacional\/imagenes\/2013\/03\/11\/actualidad\/1363034271_948231_1363034916_noticia_normal.jpg\" width=\"560\" \/><\/p>\n<p>Un reportero fotograf\u00eda al cardenal Marc Ouellet <br \/>en la plaza de San Pedro. \/ GABRIEL BOUYS (AFP)<\/p>\n<p>La primera fumata suele ser negra. Ser\u00eda muy extra\u00f1o, un aut\u00e9ntico r\u00e9cord, <br \/>casi un milagro, que los <a href=\"http:\/\/elpais.com\/especiales\/2013\/eleccion-nuevo-papa\/\">115 cardenales<\/a> <br \/>electores se pusieran de acuerdo en un par de horas sobre cu\u00e1l de ellos tiene <br \/>que ser el nuevo papa. La \u00faltima vez, aun estando muy claro, hicieron falta <br \/>cuatro votaciones y dos d\u00edas para elegir al cardenal <a href=\"http:\/\/internacional.elpais.com\/tag\/benedicto_xvi\/a\/\">Joseph <br \/>Ratzinger<\/a>. La situaci\u00f3n de la Iglesia, y sobre todo del Vaticano, parece <br \/>mucho m\u00e1s confusa que hace ocho a\u00f1os. Los expertos barajan dos nombres como <br \/>principales favoritos \u2014el italiano <a href=\"http:\/\/internacional.elpais.com\/internacional\/2013\/03\/08\/actualidad\/1362764852_025824.html\">Angelo <br \/>Scola<\/a> y el brasile\u00f1o <a href=\"http:\/\/internacional.elpais.com\/internacional\/2013\/02\/14\/actualidad\/1360846914_033405.html\">Odilo <br \/>Pedro Schere<\/a>r\u2014, pero tambi\u00e9n reconocen que, si ellos no resultaran elegidos <br \/>en el plazo de dos d\u00edas, el c\u00f3nclave surgido de la renuncia de Benedicto XVI <br \/>puede arrojar una gran sorpresa.<\/p>\n<div id=\"sumario_1|apoyos\"><a name=\"sumario_1\"><\/a><\/p>\n<div>\n<h4>m\u00e1s informaci\u00f3n<\/h4>\n<ul>\n<li><a href=\"\/internacional\/2013\/03\/11\/actualidad\/1363034122_000061.html\">Los <br \/>movimientos eclesiales son determinantes en la elecci\u00f3n papal<\/a> <\/li>\n<li><a href=\"\/internacional\/2013\/03\/11\/actualidad\/1363029977_503619.html\">&#39;Otro <br \/>c\u00f3nclave que har\u00e1 historia&#39;, por JUAN ARIAS<\/a> <\/li>\n<li><a href=\"\/internacional\/2013\/03\/11\/actualidad\/1363029468_000767.html\">Sandri, un <br \/>cardenal m\u00e1s romano que argentino<\/a> <\/li>\n<li><a href=\"http:\/\/internacional.elpais.com\/internacional\/2013\/02\/14\/actualidad\/1360846914_033405.html\">Scherer, <br \/>conservador firme pero de fuerzas suaves<\/a> <\/li>\n<li>O\u2019Malley, bloguero vestido con el h\u00e1bito <br \/>franciscano <\/li>\n<li><a href=\"\/internacional\/2013\/03\/10\/actualidad\/1362944920_479880.html\">Dolan, <br \/>un purpurado sociable y extrovertido<\/a> <\/li>\n<\/ul>\n<\/div>\n<\/div>\n<p>Durante 10 largas reuniones, 161 cardenales han pedido la palabra para hablar <br \/>de la situaci\u00f3n de la Iglesia. Muchos de ellos, sobre todo los m\u00e1s desafectos a <br \/>la curia, han cuestionado la gesti\u00f3n del cardenal Tarcisio Bertone, secretario <br \/>de Estado del Vaticano. Sobre todo en los dos esc\u00e1ndalos que m\u00e1s han atormentado <br \/>a la Iglesia en los \u00faltimos meses: el <em>caso<\/em> <a href=\"http:\/\/internacional.elpais.com\/tag\/vaticanleaks\/a\/\"><em>Vatileaks<\/em><\/a> <br \/>\u2014la filtraci\u00f3n de la correspondencia privada de Joseph Ratzinger\u2014 y la gesti\u00f3n <br \/>del <a href=\"http:\/\/internacional.elpais.com\/tag\/ior_instituto_obras_religion\/a\/\">Instituto <br \/>para las Obras de Religi\u00f3n<\/a> (IOR), el banco del Vaticano. Los dos asuntos han <br \/>puesto de manifiesto una vez m\u00e1s que el gobierno de la Iglesia necesita una <br \/>reforma urgente y que la opacidad del IOR dice muy poco en favor de la <br \/>instituci\u00f3n que representa.<\/p>\n<p>No deja de llamar la atenci\u00f3n que una de las \u00faltimas decisiones de Benedicto <br \/>XVI al frente del pontificado fuese el nombramiento de un nuevo presidente del <br \/>IOR \u2014el anterior, Ettore Gotti Tedeschi, hab\u00eda sido despedido por el cardenal <br \/>Bertone\u2014 y que la \u00faltima de las diez congregaciones generales celebradas por los <br \/>cardenales para preparar el c\u00f3nclave tambi\u00e9n estuviese dedicada, el lunes, al <br \/>estudio de la situaci\u00f3n del banco. El secretario de Estado, en su calidad de <br \/>presidente de la comisi\u00f3n cardenalicia encargada de la vigilancia del IOR, <br \/>inform\u00f3 a los cardenales de la integraci\u00f3n de la entidad en el sistema <br \/>internacional bancario. No hay que olvidar que, despu\u00e9s de numerosas sospechas, <br \/>Benedicto XVI tuvo que aprobar en diciembre de 2010 una ley para luchar contra <br \/>el blanqueo de dinero en las instituciones financieras del Vaticano. Una fea <br \/>cuesti\u00f3n todav\u00eda no resuelta.<\/p>\n<p>A pesar de lo poco que ha contado el padre Federico Lombardi sobre el <br \/>contenido de las congregaciones generales, se da por seguro que los 115 <br \/>cardenales electores que se encierren esta tarde en la Capilla Sixtina ya tienen <br \/><a href=\"http:\/\/internacional.elpais.com\/internacional\/2013\/03\/10\/actualidad\/1362947187_505724.html\">un <br \/>retrato robot del nuevo papa<\/a>. Se habla, sobre todo, del cardenal Angelo <br \/>Scola, que es un italiano no demasiado afecto a la Curia, y del cardenal Odilo <br \/>Scherer, que s\u00ed lo es, aunque al tratarse de un brasile\u00f1o con apellido alem\u00e1n <br \/>pueda parecer que es alguien ajeno a la burocracia vaticana.<\/p>\n<p>La cuesti\u00f3n es que ni uno ni otro parecen responder al perfil de un papa <br \/>capaz de ilusionar a la Iglesia, de superar los esc\u00e1ndalos tan recientes \u2014\u201clas <br \/>aguas bajaban agitadas y Dios parec\u00eda dormido&quot;, dijo en su \u00faltima audiencia <br \/>p\u00fablica Benedicto XVI\u2014 y enviar un mensaje de esperanza a los cat\u00f3licos en un <br \/>momento de crisis mundial. \u00bfHay alguien con ese perfil entre los 115 cardenales <br \/>que esta tarde <a href=\"http:\/\/internacional.elpais.com\/tag\/conclave\/a\/\">se <br \/>encerrar\u00e1n en la Capilla Sixtina<\/a>? Si lo hay, ha pasado desapercibido al <br \/>radar de los expertos.<\/p>\n<p>El momento de ese candidato distinto a los favoritos Scola o Scherer <br \/>llegar\u00eda, seg\u00fan los expertos, de prolongarse el c\u00f3nclave m\u00e1s de dos d\u00edas. En ese <br \/>momento, bajo <em>El juicio final<\/em> de Miguel \u00c1ngel, los cardenales podr\u00edan <br \/>buscar otras alternativas distintas a las precocinadas antes de entrar en el <br \/>c\u00f3nclave, en los d\u00edas previos en Roma, de congregaci\u00f3n general en congregaci\u00f3n <br \/>general y de restaurante en restaurante. A nadie se le escapa que en muchas <br \/>ocasiones los juegos de poder han jugado un papel fundamental en la elecci\u00f3n de <br \/>los papas, pero tambi\u00e9n que en una situaci\u00f3n tan extra\u00f1a como la actual \u2014con un <br \/>papa em\u00e9rito, la sombra tan reciente de los esc\u00e1ndalos, la fuerza de los <br \/>cardenales americanos\u2014 la incertidumbre es m\u00e1s grande que nunca y puede saltar <br \/>la sorpresa.<\/p>\n<p>Dijo este lunes el padre Lombardi que la primera fumata ser\u00e1 a las ocho de la <br \/>tarde del martes, \u201cy probablemente negra\u201d. Lo dijo con una sonrisa, como <br \/>queriendo avisar que una ni dos ni tres fumatas negras suponen un fracaso. Si, <br \/>en cambio, se llega al fin de semana sin un nuevo papa, se desatar\u00e1n los nervios <br \/>y las especulaciones. Y, aunque los 90 ayudantes del <a href=\"http:\/\/internacional.elpais.com\/tag\/conclave\/a\/\">c\u00f3nclave<\/a> \u2014desde <br \/>sacerdotes a ch\u00f3feres\u2014 han jurado guardar el secreto, no ser\u00eda de extra\u00f1ar que <br \/>empezaran a filtrarse rumores sobre pugnas y desacuerdos. Hay en la historia <br \/>ejemplos de c\u00f3nclaves eternos, como aquel de 1740 en que sali\u00f3 elegido Benedicto <br \/>XIV. Dur\u00f3 181 d\u00edas, y de los 51 cardenales electores, cuatro murieron en el <br \/>trayecto. No obstante, seg\u00fan una informaci\u00f3n de Radio Vaticano, los \u201cc\u00f3nclaves <br \/>cortos\u201d empezaron en 1846 con la elecci\u00f3n de P\u00edo IX. Dur\u00f3 tres d\u00edas. Ser\u00eda un <br \/>buen promedio, aunque ahora, en la era de lo inmediato, la espera se har\u00eda mucho <br \/>m\u00e1s eterna que en el siglo XIX.<\/p>\n<p>Algunos de los cardenales electos empezaron anoche a despedirse de sus fieles <br \/>a trav\u00e9s de sus cuentas de Twitter. No dec\u00edan gran cosa, las habituales llamadas <br \/>a la oraci\u00f3n y al Esp\u00edritu Santo para que ilumine la elecci\u00f3n. El m\u00e1s curioso, <br \/>uno del cardenal italiano Gianfranco Ravasi, tuitero empedernido, quien hace <br \/>unos d\u00edas se quit\u00f3 temporalmente del vicio con un mensaje corto que parec\u00eda una <br \/>advertencia a algunos de sus colegas: \u201cEl que se enaltece ser\u00e1 humillado, y el <br \/>que se humilla ser\u00e1 enaltecido\u201d (Mateo 23,12).<\/p>\n<\/div>\n","protected":false},"excerpt":{"rendered":"<p>LA ELECCI\u00d3N DE UN NUEVO PAPA El italiano Scola y el brasile\u00f1o Scherer parten como favoritos en los pron\u00f3sticos Los cardenales dedican el \u00faltimo consistorio general a la banca vaticana INFOGRAF\u00cdA: El c\u00f3nclave, paso a paso ESPECIAL: Los cardenales del c\u00f3nclave Pablo Ordaz Roma (Publicado en El Pa\u00eds, aqu\u00ed) Un reportero fotograf\u00eda al cardenal Marc&#8230;<\/p>\n","protected":false},"author":1,"featured_media":0,"comment_status":"open","ping_status":"open","sticky":false,"template":"","format":"standard","meta":{"rop_custom_images_group":[],"rop_custom_messages_group":[],"rop_publish_now":"initial","rop_publish_now_accounts":[],"rop_publish_now_history":[],"rop_publish_now_status":"pending","footnotes":""},"categories":[2,10,6,12],"tags":[],"class_list":["post-2584","post","type-post","status-publish","format-standard","hentry","category-actualidad","category-comunicacion","category-historia","category-religion"],"yoast_head":"<!-- This site is optimized with the Yoast SEO plugin v27.5 - https:\/\/yoast.com\/product\/yoast-seo-wordpress\/ -->\n<title>Arranca el c\u00f3nclave de la renovaci\u00f3n (por Pablo Ordaz) - La Vanguardia de Cuenca<\/title>\n<meta name=\"robots\" content=\"index, follow, max-snippet:-1, max-image-preview:large, max-video-preview:-1\" \/>\n<link rel=\"canonical\" href=\"https:\/\/lavanguardiadecuenca.es\/?p=2584\" \/>\n<meta property=\"og:locale\" content=\"es_ES\" \/>\n<meta property=\"og:type\" content=\"article\" \/>\n<meta property=\"og:title\" content=\"Arranca el c\u00f3nclave de la renovaci\u00f3n (por Pablo Ordaz) - La Vanguardia de Cuenca\" \/>\n<meta property=\"og:description\" content=\"LA ELECCI\u00d3N DE UN NUEVO PAPA El italiano Scola y el brasile\u00f1o Scherer parten como favoritos en los pron\u00f3sticos Los cardenales dedican el \u00faltimo consistorio general a la banca vaticana INFOGRAF\u00cdA: El c\u00f3nclave, paso a paso ESPECIAL: Los cardenales del c\u00f3nclave Pablo Ordaz Roma (Publicado en El Pa\u00eds, aqu\u00ed) Un reportero fotograf\u00eda al cardenal Marc...\" \/>\n<meta property=\"og:url\" content=\"https:\/\/lavanguardiadecuenca.es\/?p=2584\" \/>\n<meta property=\"og:site_name\" content=\"La Vanguardia de Cuenca\" \/>\n<meta property=\"article:published_time\" content=\"2013-03-12T19:35:13+00:00\" \/>\n<meta property=\"og:image\" content=\"http:\/\/ep01.epimg.net\/internacional\/imagenes\/2013\/03\/11\/actualidad\/1363034271_948231_1363034916_noticia_normal.jpg\" \/>\n<meta name=\"author\" content=\"admin6567\" \/>\n<meta name=\"twitter:card\" content=\"summary_large_image\" \/>\n<meta name=\"twitter:label1\" content=\"Escrito por\" \/>\n\t<meta name=\"twitter:data1\" content=\"admin6567\" \/>\n\t<meta name=\"twitter:label2\" content=\"Tiempo de lectura\" \/>\n\t<meta name=\"twitter:data2\" content=\"6 minutos\" \/>\n<script type=\"application\/ld+json\" class=\"yoast-schema-graph\">{\"@context\":\"https:\\\/\\\/schema.org\",\"@graph\":[{\"@type\":\"Article\",\"@id\":\"https:\\\/\\\/lavanguardiadecuenca.es\\\/?p=2584#article\",\"isPartOf\":{\"@id\":\"https:\\\/\\\/lavanguardiadecuenca.es\\\/?p=2584\"},\"author\":{\"name\":\"admin6567\",\"@id\":\"https:\\\/\\\/lavanguardiadecuenca.es\\\/#\\\/schema\\\/person\\\/533d101fbc2a9ecf6af26aeddcaf1abd\"},\"headline\":\"Arranca el c\u00f3nclave de la renovaci\u00f3n (por Pablo Ordaz)\",\"datePublished\":\"2013-03-12T19:35:13+00:00\",\"mainEntityOfPage\":{\"@id\":\"https:\\\/\\\/lavanguardiadecuenca.es\\\/?p=2584\"},\"wordCount\":1160,\"commentCount\":0,\"publisher\":{\"@id\":\"https:\\\/\\\/lavanguardiadecuenca.es\\\/#\\\/schema\\\/person\\\/efd3b99fe10ec3fad96a88f3ae7d092f\"},\"image\":{\"@id\":\"https:\\\/\\\/lavanguardiadecuenca.es\\\/?p=2584#primaryimage\"},\"thumbnailUrl\":\"http:\\\/\\\/ep01.epimg.net\\\/internacional\\\/imagenes\\\/2013\\\/03\\\/11\\\/actualidad\\\/1363034271_948231_1363034916_noticia_normal.jpg\",\"articleSection\":[\"Actualidad\",\"Comunicaci\u00f3n\",\"Historia\",\"Religi\u00f3n\"],\"inLanguage\":\"es\",\"potentialAction\":[{\"@type\":\"CommentAction\",\"name\":\"Comment\",\"target\":[\"https:\\\/\\\/lavanguardiadecuenca.es\\\/?p=2584#respond\"]}]},{\"@type\":\"WebPage\",\"@id\":\"https:\\\/\\\/lavanguardiadecuenca.es\\\/?p=2584\",\"url\":\"https:\\\/\\\/lavanguardiadecuenca.es\\\/?p=2584\",\"name\":\"Arranca el c\u00f3nclave de la renovaci\u00f3n (por Pablo Ordaz) - La Vanguardia de Cuenca\",\"isPartOf\":{\"@id\":\"https:\\\/\\\/lavanguardiadecuenca.es\\\/#website\"},\"primaryImageOfPage\":{\"@id\":\"https:\\\/\\\/lavanguardiadecuenca.es\\\/?p=2584#primaryimage\"},\"image\":{\"@id\":\"https:\\\/\\\/lavanguardiadecuenca.es\\\/?p=2584#primaryimage\"},\"thumbnailUrl\":\"http:\\\/\\\/ep01.epimg.net\\\/internacional\\\/imagenes\\\/2013\\\/03\\\/11\\\/actualidad\\\/1363034271_948231_1363034916_noticia_normal.jpg\",\"datePublished\":\"2013-03-12T19:35:13+00:00\",\"breadcrumb\":{\"@id\":\"https:\\\/\\\/lavanguardiadecuenca.es\\\/?p=2584#breadcrumb\"},\"inLanguage\":\"es\",\"potentialAction\":[{\"@type\":\"ReadAction\",\"target\":[\"https:\\\/\\\/lavanguardiadecuenca.es\\\/?p=2584\"]}]},{\"@type\":\"ImageObject\",\"inLanguage\":\"es\",\"@id\":\"https:\\\/\\\/lavanguardiadecuenca.es\\\/?p=2584#primaryimage\",\"url\":\"http:\\\/\\\/ep01.epimg.net\\\/internacional\\\/imagenes\\\/2013\\\/03\\\/11\\\/actualidad\\\/1363034271_948231_1363034916_noticia_normal.jpg\",\"contentUrl\":\"http:\\\/\\\/ep01.epimg.net\\\/internacional\\\/imagenes\\\/2013\\\/03\\\/11\\\/actualidad\\\/1363034271_948231_1363034916_noticia_normal.jpg\"},{\"@type\":\"BreadcrumbList\",\"@id\":\"https:\\\/\\\/lavanguardiadecuenca.es\\\/?p=2584#breadcrumb\",\"itemListElement\":[{\"@type\":\"ListItem\",\"position\":1,\"name\":\"Portada\",\"item\":\"https:\\\/\\\/lavanguardiadecuenca.es\\\/\"},{\"@type\":\"ListItem\",\"position\":2,\"name\":\"Arranca el c\u00f3nclave de la renovaci\u00f3n (por Pablo Ordaz)\"}]},{\"@type\":\"WebSite\",\"@id\":\"https:\\\/\\\/lavanguardiadecuenca.es\\\/#website\",\"url\":\"https:\\\/\\\/lavanguardiadecuenca.es\\\/\",\"name\":\"La Vanguardia de Cuenca\",\"description\":\"Intereses: comunicaci\u00f3n y actualidad en general, weblogs, sociedad, pol\u00edtica\",\"publisher\":{\"@id\":\"https:\\\/\\\/lavanguardiadecuenca.es\\\/#\\\/schema\\\/person\\\/efd3b99fe10ec3fad96a88f3ae7d092f\"},\"potentialAction\":[{\"@type\":\"SearchAction\",\"target\":{\"@type\":\"EntryPoint\",\"urlTemplate\":\"https:\\\/\\\/lavanguardiadecuenca.es\\\/?s={search_term_string}\"},\"query-input\":{\"@type\":\"PropertyValueSpecification\",\"valueRequired\":true,\"valueName\":\"search_term_string\"}}],\"inLanguage\":\"es\"},{\"@type\":[\"Person\",\"Organization\"],\"@id\":\"https:\\\/\\\/lavanguardiadecuenca.es\\\/#\\\/schema\\\/person\\\/efd3b99fe10ec3fad96a88f3ae7d092f\",\"name\":\"Juan Andr\u00e9s Buedo\",\"image\":{\"@type\":\"ImageObject\",\"inLanguage\":\"es\",\"@id\":\"https:\\\/\\\/lavanguardiadecuenca.es\\\/wp-content\\\/uploads\\\/2025\\\/09\\\/6a00d8341c734753ef0278801a3634200d-250si.jpg\",\"url\":\"https:\\\/\\\/lavanguardiadecuenca.es\\\/wp-content\\\/uploads\\\/2025\\\/09\\\/6a00d8341c734753ef0278801a3634200d-250si.jpg\",\"contentUrl\":\"https:\\\/\\\/lavanguardiadecuenca.es\\\/wp-content\\\/uploads\\\/2025\\\/09\\\/6a00d8341c734753ef0278801a3634200d-250si.jpg\",\"width\":250,\"height\":250,\"caption\":\"Juan Andr\u00e9s Buedo\"},\"logo\":{\"@id\":\"https:\\\/\\\/lavanguardiadecuenca.es\\\/wp-content\\\/uploads\\\/2025\\\/09\\\/6a00d8341c734753ef0278801a3634200d-250si.jpg\"},\"sameAs\":[\"https:\\\/\\\/lavanguardiadecuenca.es\\\/\"]},{\"@type\":\"Person\",\"@id\":\"https:\\\/\\\/lavanguardiadecuenca.es\\\/#\\\/schema\\\/person\\\/533d101fbc2a9ecf6af26aeddcaf1abd\",\"name\":\"admin6567\",\"image\":{\"@type\":\"ImageObject\",\"inLanguage\":\"es\",\"@id\":\"https:\\\/\\\/secure.gravatar.com\\\/avatar\\\/79503df8b75d394ce1e22cb5293c3e8fee42d212f6de88e2d65bfaa128f73542?s=96&d=mm&r=g\",\"url\":\"https:\\\/\\\/secure.gravatar.com\\\/avatar\\\/79503df8b75d394ce1e22cb5293c3e8fee42d212f6de88e2d65bfaa128f73542?s=96&d=mm&r=g\",\"contentUrl\":\"https:\\\/\\\/secure.gravatar.com\\\/avatar\\\/79503df8b75d394ce1e22cb5293c3e8fee42d212f6de88e2d65bfaa128f73542?s=96&d=mm&r=g\",\"caption\":\"admin6567\"},\"sameAs\":[\"http:\\\/\\\/lavanguardiadecuenca.es\"],\"url\":\"https:\\\/\\\/lavanguardiadecuenca.es\\\/?author=1\"}]}<\/script>\n<!-- \/ Yoast SEO plugin. -->","yoast_head_json":{"title":"Arranca el c\u00f3nclave de la renovaci\u00f3n (por Pablo Ordaz) - La Vanguardia de Cuenca","robots":{"index":"index","follow":"follow","max-snippet":"max-snippet:-1","max-image-preview":"max-image-preview:large","max-video-preview":"max-video-preview:-1"},"canonical":"https:\/\/lavanguardiadecuenca.es\/?p=2584","og_locale":"es_ES","og_type":"article","og_title":"Arranca el c\u00f3nclave de la renovaci\u00f3n (por Pablo Ordaz) - La Vanguardia de Cuenca","og_description":"LA ELECCI\u00d3N DE UN NUEVO PAPA El italiano Scola y el brasile\u00f1o Scherer parten como favoritos en los pron\u00f3sticos Los cardenales dedican el \u00faltimo consistorio general a la banca vaticana INFOGRAF\u00cdA: El c\u00f3nclave, paso a paso ESPECIAL: Los cardenales del c\u00f3nclave Pablo Ordaz Roma (Publicado en El Pa\u00eds, aqu\u00ed) Un reportero fotograf\u00eda al cardenal Marc...","og_url":"https:\/\/lavanguardiadecuenca.es\/?p=2584","og_site_name":"La Vanguardia de Cuenca","article_published_time":"2013-03-12T19:35:13+00:00","og_image":[{"url":"http:\/\/ep01.epimg.net\/internacional\/imagenes\/2013\/03\/11\/actualidad\/1363034271_948231_1363034916_noticia_normal.jpg","type":"","width":"","height":""}],"author":"admin6567","twitter_card":"summary_large_image","twitter_misc":{"Escrito por":"admin6567","Tiempo de lectura":"6 minutos"},"schema":{"@context":"https:\/\/schema.org","@graph":[{"@type":"Article","@id":"https:\/\/lavanguardiadecuenca.es\/?p=2584#article","isPartOf":{"@id":"https:\/\/lavanguardiadecuenca.es\/?p=2584"},"author":{"name":"admin6567","@id":"https:\/\/lavanguardiadecuenca.es\/#\/schema\/person\/533d101fbc2a9ecf6af26aeddcaf1abd"},"headline":"Arranca el c\u00f3nclave de la renovaci\u00f3n (por Pablo Ordaz)","datePublished":"2013-03-12T19:35:13+00:00","mainEntityOfPage":{"@id":"https:\/\/lavanguardiadecuenca.es\/?p=2584"},"wordCount":1160,"commentCount":0,"publisher":{"@id":"https:\/\/lavanguardiadecuenca.es\/#\/schema\/person\/efd3b99fe10ec3fad96a88f3ae7d092f"},"image":{"@id":"https:\/\/lavanguardiadecuenca.es\/?p=2584#primaryimage"},"thumbnailUrl":"http:\/\/ep01.epimg.net\/internacional\/imagenes\/2013\/03\/11\/actualidad\/1363034271_948231_1363034916_noticia_normal.jpg","articleSection":["Actualidad","Comunicaci\u00f3n","Historia","Religi\u00f3n"],"inLanguage":"es","potentialAction":[{"@type":"CommentAction","name":"Comment","target":["https:\/\/lavanguardiadecuenca.es\/?p=2584#respond"]}]},{"@type":"WebPage","@id":"https:\/\/lavanguardiadecuenca.es\/?p=2584","url":"https:\/\/lavanguardiadecuenca.es\/?p=2584","name":"Arranca el c\u00f3nclave de la renovaci\u00f3n (por Pablo Ordaz) - La Vanguardia de Cuenca","isPartOf":{"@id":"https:\/\/lavanguardiadecuenca.es\/#website"},"primaryImageOfPage":{"@id":"https:\/\/lavanguardiadecuenca.es\/?p=2584#primaryimage"},"image":{"@id":"https:\/\/lavanguardiadecuenca.es\/?p=2584#primaryimage"},"thumbnailUrl":"http:\/\/ep01.epimg.net\/internacional\/imagenes\/2013\/03\/11\/actualidad\/1363034271_948231_1363034916_noticia_normal.jpg","datePublished":"2013-03-12T19:35:13+00:00","breadcrumb":{"@id":"https:\/\/lavanguardiadecuenca.es\/?p=2584#breadcrumb"},"inLanguage":"es","potentialAction":[{"@type":"ReadAction","target":["https:\/\/lavanguardiadecuenca.es\/?p=2584"]}]},{"@type":"ImageObject","inLanguage":"es","@id":"https:\/\/lavanguardiadecuenca.es\/?p=2584#primaryimage","url":"http:\/\/ep01.epimg.net\/internacional\/imagenes\/2013\/03\/11\/actualidad\/1363034271_948231_1363034916_noticia_normal.jpg","contentUrl":"http:\/\/ep01.epimg.net\/internacional\/imagenes\/2013\/03\/11\/actualidad\/1363034271_948231_1363034916_noticia_normal.jpg"},{"@type":"BreadcrumbList","@id":"https:\/\/lavanguardiadecuenca.es\/?p=2584#breadcrumb","itemListElement":[{"@type":"ListItem","position":1,"name":"Portada","item":"https:\/\/lavanguardiadecuenca.es\/"},{"@type":"ListItem","position":2,"name":"Arranca el c\u00f3nclave de la renovaci\u00f3n (por Pablo Ordaz)"}]},{"@type":"WebSite","@id":"https:\/\/lavanguardiadecuenca.es\/#website","url":"https:\/\/lavanguardiadecuenca.es\/","name":"La Vanguardia de Cuenca","description":"Intereses: comunicaci\u00f3n y actualidad en general, weblogs, sociedad, pol\u00edtica","publisher":{"@id":"https:\/\/lavanguardiadecuenca.es\/#\/schema\/person\/efd3b99fe10ec3fad96a88f3ae7d092f"},"potentialAction":[{"@type":"SearchAction","target":{"@type":"EntryPoint","urlTemplate":"https:\/\/lavanguardiadecuenca.es\/?s={search_term_string}"},"query-input":{"@type":"PropertyValueSpecification","valueRequired":true,"valueName":"search_term_string"}}],"inLanguage":"es"},{"@type":["Person","Organization"],"@id":"https:\/\/lavanguardiadecuenca.es\/#\/schema\/person\/efd3b99fe10ec3fad96a88f3ae7d092f","name":"Juan Andr\u00e9s Buedo","image":{"@type":"ImageObject","inLanguage":"es","@id":"https:\/\/lavanguardiadecuenca.es\/wp-content\/uploads\/2025\/09\/6a00d8341c734753ef0278801a3634200d-250si.jpg","url":"https:\/\/lavanguardiadecuenca.es\/wp-content\/uploads\/2025\/09\/6a00d8341c734753ef0278801a3634200d-250si.jpg","contentUrl":"https:\/\/lavanguardiadecuenca.es\/wp-content\/uploads\/2025\/09\/6a00d8341c734753ef0278801a3634200d-250si.jpg","width":250,"height":250,"caption":"Juan Andr\u00e9s Buedo"},"logo":{"@id":"https:\/\/lavanguardiadecuenca.es\/wp-content\/uploads\/2025\/09\/6a00d8341c734753ef0278801a3634200d-250si.jpg"},"sameAs":["https:\/\/lavanguardiadecuenca.es\/"]},{"@type":"Person","@id":"https:\/\/lavanguardiadecuenca.es\/#\/schema\/person\/533d101fbc2a9ecf6af26aeddcaf1abd","name":"admin6567","image":{"@type":"ImageObject","inLanguage":"es","@id":"https:\/\/secure.gravatar.com\/avatar\/79503df8b75d394ce1e22cb5293c3e8fee42d212f6de88e2d65bfaa128f73542?s=96&d=mm&r=g","url":"https:\/\/secure.gravatar.com\/avatar\/79503df8b75d394ce1e22cb5293c3e8fee42d212f6de88e2d65bfaa128f73542?s=96&d=mm&r=g","contentUrl":"https:\/\/secure.gravatar.com\/avatar\/79503df8b75d394ce1e22cb5293c3e8fee42d212f6de88e2d65bfaa128f73542?s=96&d=mm&r=g","caption":"admin6567"},"sameAs":["http:\/\/lavanguardiadecuenca.es"],"url":"https:\/\/lavanguardiadecuenca.es\/?author=1"}]}},"_links":{"self":[{"href":"https:\/\/lavanguardiadecuenca.es\/index.php?rest_route=\/wp\/v2\/posts\/2584","targetHints":{"allow":["GET"]}}],"collection":[{"href":"https:\/\/lavanguardiadecuenca.es\/index.php?rest_route=\/wp\/v2\/posts"}],"about":[{"href":"https:\/\/lavanguardiadecuenca.es\/index.php?rest_route=\/wp\/v2\/types\/post"}],"author":[{"embeddable":true,"href":"https:\/\/lavanguardiadecuenca.es\/index.php?rest_route=\/wp\/v2\/users\/1"}],"replies":[{"embeddable":true,"href":"https:\/\/lavanguardiadecuenca.es\/index.php?rest_route=%2Fwp%2Fv2%2Fcomments&post=2584"}],"version-history":[{"count":0,"href":"https:\/\/lavanguardiadecuenca.es\/index.php?rest_route=\/wp\/v2\/posts\/2584\/revisions"}],"wp:attachment":[{"href":"https:\/\/lavanguardiadecuenca.es\/index.php?rest_route=%2Fwp%2Fv2%2Fmedia&parent=2584"}],"wp:term":[{"taxonomy":"category","embeddable":true,"href":"https:\/\/lavanguardiadecuenca.es\/index.php?rest_route=%2Fwp%2Fv2%2Fcategories&post=2584"},{"taxonomy":"post_tag","embeddable":true,"href":"https:\/\/lavanguardiadecuenca.es\/index.php?rest_route=%2Fwp%2Fv2%2Ftags&post=2584"}],"curies":[{"name":"wp","href":"https:\/\/api.w.org\/{rel}","templated":true}]}}