{"id":2578,"date":"2013-03-14T18:48:58","date_gmt":"2013-03-14T18:48:58","guid":{"rendered":"https:\/\/lavanguardiadecuenca.es\/?p=2578"},"modified":"2013-03-14T18:48:58","modified_gmt":"2013-03-14T18:48:58","slug":"esperanza-de-reforma","status":"publish","type":"post","link":"https:\/\/lavanguardiadecuenca.es\/?p=2578","title":{"rendered":"Esperanza de reforma"},"content":{"rendered":"<p>EDITORIAL<\/p>\n<div id=\"subtitulo_noticia\">\n<p><span style=\"font-size: 12pt;\">La elecci\u00f3n de un papa dialogante y no europeo puede se\u00f1alar el cambio que <\/span><span style=\"font-size: 12pt;\">necesita la Iglesia<\/span><\/p>\n<\/div>\n<div><a href=\"\/autor\/el_pais\/a\/\" rel=\"author\" title=\"Ver todas las noticias de El Pa\u00eds\">El Pa\u00eds<\/a> (<a href=\"http:\/\/elpais.com\/elpais\/2013\/03\/13\/opinion\/1363205431_324830.html\" target=\"_self\">Ver aqu\u00ed<\/a>)<\/div>\n<div>\n<p>La inesperada renuncia de Benedicto XVI ha obtenido un resultado tambi\u00e9n <br \/>imprevisto: la sustituci\u00f3n en tiempo r\u00e9cord de la cabeza visible de una <br \/>instituci\u00f3n global con m\u00e1s de 1.100 millones de seguidores y el hist\u00f3rico <br \/>desplazamiento del centro de gravedad desde Europa hacia Am\u00e9rica, donde reside <br \/>en la actualidad el 47% de los cat\u00f3licos. Es la primera vez en la historia de <br \/>esta milenaria instituci\u00f3n que se elige a un papa jesuita, con lo que eso supone <br \/>de solidez y seriedad a priori, y un papa no europeo en m\u00e1s de mil a\u00f1os; y esta <br \/>elecci\u00f3n recae adem\u00e1s en un pont\u00edfice cuya lengua materna, el espa\u00f1ol, es el <br \/>primer idioma de esta religi\u00f3n global.<\/p>\n<p>Tales novedades pueden interpretarse como el mensaje de renovaci\u00f3n que tantos <br \/>esperan para la Iglesia cat\u00f3lica. Porque adem\u00e1s de la apertura territorial ahora <br \/>estrenada, al nuevo gobierno vaticano le va a resultar dif\u00edcil ignorar la fuerza <br \/>innovadora de la curia americana, que en los d\u00edas previos al c\u00f3nclave ha <br \/>reclamado protagonismo y aboga por la apertura hacia nuevos planteamientos. No <br \/>hay que olvidar que fue Latinoam\u00e9rica el principal escenario de la acallada <br \/>Teolog\u00eda de la Liberaci\u00f3n y que fue Estados Unidos el primer pa\u00eds que se rebel\u00f3 <br \/>contra el ocultamiento sistem\u00e1tico por parte de la curia de los abusos sexuales. <br \/>Del otro lado del Atl\u00e1ntico provienen tambi\u00e9n las propuestas de dotar de una <br \/>mayor transparencia a una instituci\u00f3n apegada al pasado y aquejada por diversos <br \/>esc\u00e1ndalos. El perfil del jesuita bonaerense Jorge Mario Bergoglio, ahora <br \/>Francisco I, es lo suficientemente moderado y est\u00e1 lo suficientemente apartado <br \/>de las intrigas vaticanas como para poder emprender ese camino. La sencillez y <br \/>el estilo directo de su primer saludo anoche dan idea de un talante <br \/>distinto.<\/p>\n<p>Durante estos \u00faltimos d\u00edas, la Iglesia cat\u00f3lica ha ofrecido la m\u00e1s vistosa y <br \/>arcaica imagen de s\u00ed misma. Con un aparato medi\u00e1tico propio, el Vaticano ha <br \/>hecho gala de su maestr\u00eda en la puesta en escena de sus m\u00e1s viejas y solemnes <br \/>tradiciones. Una puesta en escena que no esconde los cr\u00edticos momentos que vive <br \/>y que la retirada de Benedicto XVI \u2014la primera en m\u00e1s de cinco siglos\u2014 ha <br \/>evidenciado indicando el camino a su sucesor. El primer papa que pidi\u00f3 perd\u00f3n <br \/>por los esc\u00e1ndalos de pederastia dedic\u00f3 los \u00faltimos d\u00edas de su pontificado a <br \/>advertir contra la corrupci\u00f3n, renovar la c\u00fapula del banco vaticano, forzar la <br \/>renuncia de un cardenal acusado de pederastia \u2014el escoc\u00e9s Keith O&#39;Brien\u2014, <br \/>expulsar a colaboradores de Tarcisio Bertone y ordenar guardar bajo llave el <br \/>informe sobre <em>Vatileaks,<\/em> los documentos secretos que revelaban la <br \/>corrupci\u00f3n que aqueja a la curia y que algunos expertos se\u00f1alan como la raz\u00f3n de <br \/>su dimisi\u00f3n.<\/p>\n<p>Son decisiones que convierten este relevo en excepcional porque, entre otras <br \/>cosas, van a determinar, como m\u00ednimo, el sentido de los primeros pasos de <br \/>Francisco I. La situaci\u00f3n que afronta el primer pont\u00edfice jesuita y argentino de <br \/>la historia es parad\u00f3jica. Con un n\u00famero de seguidores sin precedentes y m\u00e1s <br \/>extendida que nunca, la Iglesia cat\u00f3lica ha perdido influencia en el mundo <br \/>moderno y observa adem\u00e1s con des\u00e1nimo el laicismo y la desafecci\u00f3n hacia su <br \/>jerarqu\u00eda, tan distante de buena parte de los fieles.<\/p>\n<p>Las tensiones son evidentes en el seno de la propia Iglesia y en relaci\u00f3n con <br \/>el mundo exterior, que puede quedar fascinado con los ritos pero dif\u00edcilmente <br \/>comprende ya la intransigencia dogm\u00e1tica en asuntos relacionados con el sexo, <br \/>las nuevas formas de familia, la igualdad, la bio\u00e9tica y, en general, los usos <br \/>democr\u00e1ticos. Nadie esperar\u00eda un papa revolucionario y a veces las expectativas <br \/>no responden al perfil del elegido, pero las credenciales de Francisco I de <br \/>hombre recto y dialogante, unidas a su condici\u00f3n de jesuita, pueden ser una baza <br \/>decisiva para la evoluci\u00f3n requerida.<\/p>\n<\/div>\n","protected":false},"excerpt":{"rendered":"<p>EDITORIAL La elecci\u00f3n de un papa dialogante y no europeo puede se\u00f1alar el cambio que necesita la Iglesia El Pa\u00eds (Ver aqu\u00ed) La inesperada renuncia de Benedicto XVI ha obtenido un resultado tambi\u00e9n imprevisto: la sustituci\u00f3n en tiempo r\u00e9cord de la cabeza visible de una instituci\u00f3n global con m\u00e1s de 1.100 millones de seguidores y&#8230;<\/p>\n","protected":false},"author":1,"featured_media":0,"comment_status":"open","ping_status":"open","sticky":false,"template":"","format":"standard","meta":{"rop_custom_images_group":[],"rop_custom_messages_group":[],"rop_publish_now":"initial","rop_publish_now_accounts":[],"rop_publish_now_history":[],"rop_publish_now_status":"pending","footnotes":""},"categories":[2,10,6,16,12,8],"tags":[],"class_list":["post-2578","post","type-post","status-publish","format-standard","hentry","category-actualidad","category-comunicacion","category-historia","category-politica","category-religion","category-sociedad"],"yoast_head":"<!-- This site is optimized with the Yoast SEO plugin v27.5 - https:\/\/yoast.com\/product\/yoast-seo-wordpress\/ -->\n<title>Esperanza de reforma - La Vanguardia de Cuenca<\/title>\n<meta name=\"robots\" content=\"index, follow, max-snippet:-1, max-image-preview:large, max-video-preview:-1\" \/>\n<link rel=\"canonical\" href=\"https:\/\/lavanguardiadecuenca.es\/?p=2578\" \/>\n<meta property=\"og:locale\" content=\"es_ES\" \/>\n<meta property=\"og:type\" content=\"article\" \/>\n<meta property=\"og:title\" content=\"Esperanza de reforma - La Vanguardia de Cuenca\" \/>\n<meta property=\"og:description\" content=\"EDITORIAL La elecci\u00f3n de un papa dialogante y no europeo puede se\u00f1alar el cambio que necesita la Iglesia El Pa\u00eds (Ver aqu\u00ed) La inesperada renuncia de Benedicto XVI ha obtenido un resultado tambi\u00e9n imprevisto: la sustituci\u00f3n en tiempo r\u00e9cord de la cabeza visible de una instituci\u00f3n global con m\u00e1s de 1.100 millones de seguidores y...\" \/>\n<meta property=\"og:url\" content=\"https:\/\/lavanguardiadecuenca.es\/?p=2578\" \/>\n<meta property=\"og:site_name\" content=\"La Vanguardia de Cuenca\" \/>\n<meta property=\"article:published_time\" content=\"2013-03-14T18:48:58+00:00\" \/>\n<meta name=\"author\" content=\"admin6567\" \/>\n<meta name=\"twitter:card\" content=\"summary_large_image\" \/>\n<meta name=\"twitter:label1\" content=\"Escrito por\" \/>\n\t<meta name=\"twitter:data1\" content=\"admin6567\" \/>\n\t<meta name=\"twitter:label2\" content=\"Tiempo de lectura\" \/>\n\t<meta name=\"twitter:data2\" content=\"4 minutos\" \/>\n<script type=\"application\/ld+json\" class=\"yoast-schema-graph\">{\"@context\":\"https:\\\/\\\/schema.org\",\"@graph\":[{\"@type\":\"Article\",\"@id\":\"https:\\\/\\\/lavanguardiadecuenca.es\\\/?p=2578#article\",\"isPartOf\":{\"@id\":\"https:\\\/\\\/lavanguardiadecuenca.es\\\/?p=2578\"},\"author\":{\"name\":\"admin6567\",\"@id\":\"https:\\\/\\\/lavanguardiadecuenca.es\\\/#\\\/schema\\\/person\\\/533d101fbc2a9ecf6af26aeddcaf1abd\"},\"headline\":\"Esperanza de reforma\",\"datePublished\":\"2013-03-14T18:48:58+00:00\",\"mainEntityOfPage\":{\"@id\":\"https:\\\/\\\/lavanguardiadecuenca.es\\\/?p=2578\"},\"wordCount\":718,\"commentCount\":0,\"publisher\":{\"@id\":\"https:\\\/\\\/lavanguardiadecuenca.es\\\/#\\\/schema\\\/person\\\/efd3b99fe10ec3fad96a88f3ae7d092f\"},\"articleSection\":[\"Actualidad\",\"Comunicaci\u00f3n\",\"Historia\",\"Pol\u00edtica\",\"Religi\u00f3n\",\"Sociedad\"],\"inLanguage\":\"es\",\"potentialAction\":[{\"@type\":\"CommentAction\",\"name\":\"Comment\",\"target\":[\"https:\\\/\\\/lavanguardiadecuenca.es\\\/?p=2578#respond\"]}]},{\"@type\":\"WebPage\",\"@id\":\"https:\\\/\\\/lavanguardiadecuenca.es\\\/?p=2578\",\"url\":\"https:\\\/\\\/lavanguardiadecuenca.es\\\/?p=2578\",\"name\":\"Esperanza de reforma - La Vanguardia de Cuenca\",\"isPartOf\":{\"@id\":\"https:\\\/\\\/lavanguardiadecuenca.es\\\/#website\"},\"datePublished\":\"2013-03-14T18:48:58+00:00\",\"breadcrumb\":{\"@id\":\"https:\\\/\\\/lavanguardiadecuenca.es\\\/?p=2578#breadcrumb\"},\"inLanguage\":\"es\",\"potentialAction\":[{\"@type\":\"ReadAction\",\"target\":[\"https:\\\/\\\/lavanguardiadecuenca.es\\\/?p=2578\"]}]},{\"@type\":\"BreadcrumbList\",\"@id\":\"https:\\\/\\\/lavanguardiadecuenca.es\\\/?p=2578#breadcrumb\",\"itemListElement\":[{\"@type\":\"ListItem\",\"position\":1,\"name\":\"Portada\",\"item\":\"https:\\\/\\\/lavanguardiadecuenca.es\\\/\"},{\"@type\":\"ListItem\",\"position\":2,\"name\":\"Esperanza de reforma\"}]},{\"@type\":\"WebSite\",\"@id\":\"https:\\\/\\\/lavanguardiadecuenca.es\\\/#website\",\"url\":\"https:\\\/\\\/lavanguardiadecuenca.es\\\/\",\"name\":\"La Vanguardia de Cuenca\",\"description\":\"Intereses: comunicaci\u00f3n y actualidad en general, weblogs, sociedad, pol\u00edtica\",\"publisher\":{\"@id\":\"https:\\\/\\\/lavanguardiadecuenca.es\\\/#\\\/schema\\\/person\\\/efd3b99fe10ec3fad96a88f3ae7d092f\"},\"potentialAction\":[{\"@type\":\"SearchAction\",\"target\":{\"@type\":\"EntryPoint\",\"urlTemplate\":\"https:\\\/\\\/lavanguardiadecuenca.es\\\/?s={search_term_string}\"},\"query-input\":{\"@type\":\"PropertyValueSpecification\",\"valueRequired\":true,\"valueName\":\"search_term_string\"}}],\"inLanguage\":\"es\"},{\"@type\":[\"Person\",\"Organization\"],\"@id\":\"https:\\\/\\\/lavanguardiadecuenca.es\\\/#\\\/schema\\\/person\\\/efd3b99fe10ec3fad96a88f3ae7d092f\",\"name\":\"Juan Andr\u00e9s Buedo\",\"image\":{\"@type\":\"ImageObject\",\"inLanguage\":\"es\",\"@id\":\"https:\\\/\\\/lavanguardiadecuenca.es\\\/wp-content\\\/uploads\\\/2025\\\/09\\\/6a00d8341c734753ef0278801a3634200d-250si.jpg\",\"url\":\"https:\\\/\\\/lavanguardiadecuenca.es\\\/wp-content\\\/uploads\\\/2025\\\/09\\\/6a00d8341c734753ef0278801a3634200d-250si.jpg\",\"contentUrl\":\"https:\\\/\\\/lavanguardiadecuenca.es\\\/wp-content\\\/uploads\\\/2025\\\/09\\\/6a00d8341c734753ef0278801a3634200d-250si.jpg\",\"width\":250,\"height\":250,\"caption\":\"Juan Andr\u00e9s Buedo\"},\"logo\":{\"@id\":\"https:\\\/\\\/lavanguardiadecuenca.es\\\/wp-content\\\/uploads\\\/2025\\\/09\\\/6a00d8341c734753ef0278801a3634200d-250si.jpg\"},\"sameAs\":[\"https:\\\/\\\/lavanguardiadecuenca.es\\\/\"]},{\"@type\":\"Person\",\"@id\":\"https:\\\/\\\/lavanguardiadecuenca.es\\\/#\\\/schema\\\/person\\\/533d101fbc2a9ecf6af26aeddcaf1abd\",\"name\":\"admin6567\",\"image\":{\"@type\":\"ImageObject\",\"inLanguage\":\"es\",\"@id\":\"https:\\\/\\\/secure.gravatar.com\\\/avatar\\\/79503df8b75d394ce1e22cb5293c3e8fee42d212f6de88e2d65bfaa128f73542?s=96&d=mm&r=g\",\"url\":\"https:\\\/\\\/secure.gravatar.com\\\/avatar\\\/79503df8b75d394ce1e22cb5293c3e8fee42d212f6de88e2d65bfaa128f73542?s=96&d=mm&r=g\",\"contentUrl\":\"https:\\\/\\\/secure.gravatar.com\\\/avatar\\\/79503df8b75d394ce1e22cb5293c3e8fee42d212f6de88e2d65bfaa128f73542?s=96&d=mm&r=g\",\"caption\":\"admin6567\"},\"sameAs\":[\"http:\\\/\\\/lavanguardiadecuenca.es\"],\"url\":\"https:\\\/\\\/lavanguardiadecuenca.es\\\/?author=1\"}]}<\/script>\n<!-- \/ Yoast SEO plugin. -->","yoast_head_json":{"title":"Esperanza de reforma - La Vanguardia de Cuenca","robots":{"index":"index","follow":"follow","max-snippet":"max-snippet:-1","max-image-preview":"max-image-preview:large","max-video-preview":"max-video-preview:-1"},"canonical":"https:\/\/lavanguardiadecuenca.es\/?p=2578","og_locale":"es_ES","og_type":"article","og_title":"Esperanza de reforma - La Vanguardia de Cuenca","og_description":"EDITORIAL La elecci\u00f3n de un papa dialogante y no europeo puede se\u00f1alar el cambio que necesita la Iglesia El Pa\u00eds (Ver aqu\u00ed) La inesperada renuncia de Benedicto XVI ha obtenido un resultado tambi\u00e9n imprevisto: la sustituci\u00f3n en tiempo r\u00e9cord de la cabeza visible de una instituci\u00f3n global con m\u00e1s de 1.100 millones de seguidores y...","og_url":"https:\/\/lavanguardiadecuenca.es\/?p=2578","og_site_name":"La Vanguardia de Cuenca","article_published_time":"2013-03-14T18:48:58+00:00","author":"admin6567","twitter_card":"summary_large_image","twitter_misc":{"Escrito por":"admin6567","Tiempo de lectura":"4 minutos"},"schema":{"@context":"https:\/\/schema.org","@graph":[{"@type":"Article","@id":"https:\/\/lavanguardiadecuenca.es\/?p=2578#article","isPartOf":{"@id":"https:\/\/lavanguardiadecuenca.es\/?p=2578"},"author":{"name":"admin6567","@id":"https:\/\/lavanguardiadecuenca.es\/#\/schema\/person\/533d101fbc2a9ecf6af26aeddcaf1abd"},"headline":"Esperanza de reforma","datePublished":"2013-03-14T18:48:58+00:00","mainEntityOfPage":{"@id":"https:\/\/lavanguardiadecuenca.es\/?p=2578"},"wordCount":718,"commentCount":0,"publisher":{"@id":"https:\/\/lavanguardiadecuenca.es\/#\/schema\/person\/efd3b99fe10ec3fad96a88f3ae7d092f"},"articleSection":["Actualidad","Comunicaci\u00f3n","Historia","Pol\u00edtica","Religi\u00f3n","Sociedad"],"inLanguage":"es","potentialAction":[{"@type":"CommentAction","name":"Comment","target":["https:\/\/lavanguardiadecuenca.es\/?p=2578#respond"]}]},{"@type":"WebPage","@id":"https:\/\/lavanguardiadecuenca.es\/?p=2578","url":"https:\/\/lavanguardiadecuenca.es\/?p=2578","name":"Esperanza de reforma - La Vanguardia de Cuenca","isPartOf":{"@id":"https:\/\/lavanguardiadecuenca.es\/#website"},"datePublished":"2013-03-14T18:48:58+00:00","breadcrumb":{"@id":"https:\/\/lavanguardiadecuenca.es\/?p=2578#breadcrumb"},"inLanguage":"es","potentialAction":[{"@type":"ReadAction","target":["https:\/\/lavanguardiadecuenca.es\/?p=2578"]}]},{"@type":"BreadcrumbList","@id":"https:\/\/lavanguardiadecuenca.es\/?p=2578#breadcrumb","itemListElement":[{"@type":"ListItem","position":1,"name":"Portada","item":"https:\/\/lavanguardiadecuenca.es\/"},{"@type":"ListItem","position":2,"name":"Esperanza de reforma"}]},{"@type":"WebSite","@id":"https:\/\/lavanguardiadecuenca.es\/#website","url":"https:\/\/lavanguardiadecuenca.es\/","name":"La Vanguardia de Cuenca","description":"Intereses: comunicaci\u00f3n y actualidad en general, weblogs, sociedad, pol\u00edtica","publisher":{"@id":"https:\/\/lavanguardiadecuenca.es\/#\/schema\/person\/efd3b99fe10ec3fad96a88f3ae7d092f"},"potentialAction":[{"@type":"SearchAction","target":{"@type":"EntryPoint","urlTemplate":"https:\/\/lavanguardiadecuenca.es\/?s={search_term_string}"},"query-input":{"@type":"PropertyValueSpecification","valueRequired":true,"valueName":"search_term_string"}}],"inLanguage":"es"},{"@type":["Person","Organization"],"@id":"https:\/\/lavanguardiadecuenca.es\/#\/schema\/person\/efd3b99fe10ec3fad96a88f3ae7d092f","name":"Juan Andr\u00e9s Buedo","image":{"@type":"ImageObject","inLanguage":"es","@id":"https:\/\/lavanguardiadecuenca.es\/wp-content\/uploads\/2025\/09\/6a00d8341c734753ef0278801a3634200d-250si.jpg","url":"https:\/\/lavanguardiadecuenca.es\/wp-content\/uploads\/2025\/09\/6a00d8341c734753ef0278801a3634200d-250si.jpg","contentUrl":"https:\/\/lavanguardiadecuenca.es\/wp-content\/uploads\/2025\/09\/6a00d8341c734753ef0278801a3634200d-250si.jpg","width":250,"height":250,"caption":"Juan Andr\u00e9s Buedo"},"logo":{"@id":"https:\/\/lavanguardiadecuenca.es\/wp-content\/uploads\/2025\/09\/6a00d8341c734753ef0278801a3634200d-250si.jpg"},"sameAs":["https:\/\/lavanguardiadecuenca.es\/"]},{"@type":"Person","@id":"https:\/\/lavanguardiadecuenca.es\/#\/schema\/person\/533d101fbc2a9ecf6af26aeddcaf1abd","name":"admin6567","image":{"@type":"ImageObject","inLanguage":"es","@id":"https:\/\/secure.gravatar.com\/avatar\/79503df8b75d394ce1e22cb5293c3e8fee42d212f6de88e2d65bfaa128f73542?s=96&d=mm&r=g","url":"https:\/\/secure.gravatar.com\/avatar\/79503df8b75d394ce1e22cb5293c3e8fee42d212f6de88e2d65bfaa128f73542?s=96&d=mm&r=g","contentUrl":"https:\/\/secure.gravatar.com\/avatar\/79503df8b75d394ce1e22cb5293c3e8fee42d212f6de88e2d65bfaa128f73542?s=96&d=mm&r=g","caption":"admin6567"},"sameAs":["http:\/\/lavanguardiadecuenca.es"],"url":"https:\/\/lavanguardiadecuenca.es\/?author=1"}]}},"_links":{"self":[{"href":"https:\/\/lavanguardiadecuenca.es\/index.php?rest_route=\/wp\/v2\/posts\/2578","targetHints":{"allow":["GET"]}}],"collection":[{"href":"https:\/\/lavanguardiadecuenca.es\/index.php?rest_route=\/wp\/v2\/posts"}],"about":[{"href":"https:\/\/lavanguardiadecuenca.es\/index.php?rest_route=\/wp\/v2\/types\/post"}],"author":[{"embeddable":true,"href":"https:\/\/lavanguardiadecuenca.es\/index.php?rest_route=\/wp\/v2\/users\/1"}],"replies":[{"embeddable":true,"href":"https:\/\/lavanguardiadecuenca.es\/index.php?rest_route=%2Fwp%2Fv2%2Fcomments&post=2578"}],"version-history":[{"count":0,"href":"https:\/\/lavanguardiadecuenca.es\/index.php?rest_route=\/wp\/v2\/posts\/2578\/revisions"}],"wp:attachment":[{"href":"https:\/\/lavanguardiadecuenca.es\/index.php?rest_route=%2Fwp%2Fv2%2Fmedia&parent=2578"}],"wp:term":[{"taxonomy":"category","embeddable":true,"href":"https:\/\/lavanguardiadecuenca.es\/index.php?rest_route=%2Fwp%2Fv2%2Fcategories&post=2578"},{"taxonomy":"post_tag","embeddable":true,"href":"https:\/\/lavanguardiadecuenca.es\/index.php?rest_route=%2Fwp%2Fv2%2Ftags&post=2578"}],"curies":[{"name":"wp","href":"https:\/\/api.w.org\/{rel}","templated":true}]}}