{"id":2557,"date":"2013-03-20T22:00:04","date_gmt":"2013-03-20T22:00:04","guid":{"rendered":"https:\/\/lavanguardiadecuenca.es\/?p=2557"},"modified":"2013-03-20T22:00:04","modified_gmt":"2013-03-20T22:00:04","slug":"basta-ya-de-mas-cargas-fiscales-pongan-orden-en-su-chiringuito-por-miguel-massanet-bosch","status":"publish","type":"post","link":"https:\/\/lavanguardiadecuenca.es\/?p=2557","title":{"rendered":"Basta ya de m\u00e1s cargas fiscales. Pongan orden en su chiringuito (por Miguel Massanet Bosch)"},"content":{"rendered":"<p style=\"text-align: justify\">\n\u00a0<\/p>\n<p style=\"text-align: justify\"><span style=\"font-family:Arial; font-size:10pt\">\u00ab<em>Los abusos son todos compadres unos de otros y viven de la protecci\u00f3n que mutuamente se prestan<\/em>\u00bb (P\u00edo Baroja)<br \/>\n<\/span><\/p>\n<p style=\"text-align: justify\">\n\u00a0<\/p>\n<p style=\"text-align: justify\"><span style=\"font-family:Arial; font-size:10pt\">Dejando aparte el lamentable espect\u00e1culo que nos est\u00e1n dando los jueces de la Audiencia Nacional, se\u00f1ores Ruz y G\u00f3mez Berm\u00fadez, pele\u00e1ndose a cara de perro por hacerse cargo de un caso que creen que puede prestigiarlos, un caso que, seguramente, para el juez Berm\u00fadez le proporcionar\u00eda la posibilidad de mostrar su odio y antipat\u00eda hacia el PP; formaci\u00f3n que, a mi entender, si llegara el caso de que, \u00e9ste \u00faltimo, se hiciera con el asunto B\u00e1rcenas, estar\u00eda en condiciones de pedir la abstenci\u00f3n o ,en su caso, la recusaci\u00f3n de dicho juez, por incurrir en el supuesto de <span style=\"color:black\">enemistad manifiesta o por tener inter\u00e9s directo o indirecto en el pleito (causas previstas en la Ley Org\u00e1nica del Poder Judicial) como parece se puede deducir del extraordinario inter\u00e9s, algo fuera de lo com\u00fan, que est\u00e1 poniendo en quedarse con la tramitaci\u00f3n de esta denuncia. Hemos entrado en una fase en la que la crisis se viene solapando con innumerables casos de podredumbre pol\u00edtica que hacen que, cada vez, la atm\u00f3sfera nauseabunda de la corrupci\u00f3n se haga m\u00e1s irrespirable para los cuitados ciudadanos de este pa\u00eds.<\/span><br \/>\n<\/span><\/p>\n<p style=\"text-align: justify; background: white\"><span style=\"color:black; font-family:Arial; font-size:10pt\">Lo cierto es que no hay instituci\u00f3n en Espa\u00f1a, desde la monarqu\u00eda, que se encuentra en una posici\u00f3n lamentable e insostenible, con el rocambolesco tema de la se\u00f1ora Corina Zu Sayn-Wittgestein; un culebr\u00f3n que parece que no han conseguido aminorar los continuos esfuerzos de la Casa Real para ocultarlo o, al menos, minimizarlo (un <em>affaire <\/em>que, de paso, viene poniendo en compromiso tanto al actual gobierno del PP como al anterior del PSOE que, con poca fortuna, parecen empe\u00f1ados en tirar tierra sobre \u00e9l), hasta la mayor\u00eda de las instituciones, empezando por la Administraci\u00f3n de Justicia, los Sindicatos, el Gobierno, la oposici\u00f3n, los partidos pol\u00edticos y los gobiernos auton\u00f3micos; sin que ninguno de ellos se haya librado de esc\u00e1ndalos, corruptelas, desv\u00edos de capitales o casos de tr\u00e1fico de influencias, como se viene demostrando, cada d\u00eda, por las noticias que nos llegan a trav\u00e9s de la prensa o las TV.<br \/>\n<\/span><\/p>\n<p style=\"text-align: justify; background: white\"><span style=\"color:black; font-family:Arial; font-size:10pt\">Una situaci\u00f3n que est\u00e1 provocando que, la ciudadan\u00eda, se vaya sintiendo m\u00e1s decepcionada, m\u00e1s desmoralizada, m\u00e1s irritada y m\u00e1s distanciada de la clase pol\u00edtica; de la que piensa que, en lugar de defender los intereses del pueblo espa\u00f1ol se dedica a luchar por el poder, mirar por sus propios beneficios y olvidarse de que, el pa\u00eds est\u00e1 al borde del abismo, si no se reacciona pronto y se toman las medidas precisas para acabar con este caos de tipo social y con el desempleo galopante que no tiene visos de detenerse. Lo que es evidente es que, sea por la causa que sea, ya porque la UE no parece que acierte en sus decisiones o porque el tiempo de los recortes tiene que terminar en alg\u00fan momento y comenzar la \u00e9poca de la recuperaci\u00f3n o porque los ciudadanos ya han llegado al tope de su paciencia y est\u00e1n empezando a impacientarse ante tantas rectificaciones, improvisaciones y pifiadas con la que cada d\u00eda tienen que enfrentarse; debido a la incapacidad de nuestros dirigentes; ha llegado el momento en el que nuestro Gobierno y Bruselas tienen que empezar a tomar conciencia de que no puede seguir por el camino de la presi\u00f3n sobre el ciudadano y se deben encontrar otras salidas para que sean otras las instituciones que deban apretarse el cintur\u00f3n..<br \/>\n<\/span><\/p>\n<p style=\"text-align: justify; background: white\"><span style=\"color:black; font-family:Arial; font-size:10pt\">No se si es un dato muy conocido, pero lo cierto es que, durante el pasado 2012, el n\u00famero de familias y empresas en quiebra subieron un 27%. En total fueron 8.726 los deudores concursados y, de entre ellos, las empresas concursadas ten\u00edan una antig\u00fcedad de 20 o m\u00e1s a\u00f1os. Un  dato muy preocupante, por lo que denota la degradaci\u00f3n de nuestro tejido econ\u00f3mico, que no parece que haya experimentado mejora alguna y, sin embargo, se ha visto obligado a soportar las alzas de tarifas el\u00e9ctricas, de gas, combustibles, el pago de mayores impuestos, entre ellos la subida del IVA; la falta creciente de la demanda y la dificultad de conseguir cr\u00e9dito de las entidades bancarias, con sus problemas de  liquidez y la obligaci\u00f3n de hacer provisi\u00f3n de fondos para cubrir la devaluaci\u00f3n de sus activos inmobiliarios.<br \/>\n<\/span><\/p>\n<p style=\"text-align: justify; background: white\"><span style=\"color:black; font-family:Arial; font-size:10pt\">Hace apenas unos d\u00edas un nuevo sobresalto, esta vez a causa de la dif\u00edcil situaci\u00f3n de Chipre, que ha puesto en alarma a todos los ciudadanos de la UE cuando Bruselas parece que exigi\u00f3 al gobierno de la isla la incautaci\u00f3n, no se lo puede calificar de otra manera, de los dep\u00f3sitos bancarios de los chipriotas. Un error de bulto de los economistas y parece ser de la propia se\u00f1ora Merkel, que pone en cuesti\u00f3n la inviolabilidad de las cuentas de las personas; se establece a la brava un impuesto de un 10% y un 7&#8217;6% respectivamente sobre dep\u00f3sitos de 100.000 y los menores, todo el esquema que los ciudadanos de a pie ten\u00eda formado de sus derechos y de la seguridad del dinero que ten\u00eda depositados en los bancos, s\u00f3lo para mantenerlo en sitio seguro, se han desmoronado y la inquietud, la desconfianza, la incertidumbre y los atisbos de p\u00e1nico, han puesto en cuarentena todos los mensajes que, improvisados, deslavazados y evidentemente precipitados, han tenido que lanzar los m\u00e1ximos responsables de cada naci\u00f3n, para evitar que una avalancha de impositores colapsaran los bancos pidiendo la devoluci\u00f3n de sus dineros.<br \/>\n<\/span><\/p>\n<p style=\"text-align: justify; background: white\"><span style=\"color:black; font-family:Arial; font-size:10pt\">Y en estas que hoy, don Crist\u00f3bal Montoso, haciendo gala de una \u00aboportunidad cuestionable; demostrando su falta de sensibilidad; repicando el badajo de la misma campana que son\u00f3 en Chipre, con terquedad inusitada y jug\u00e1ndole una mala jugada a su partido; nos ha anunciado un nuevo impuesto sobre los dep\u00f3sitos bancarios que parece deber\u00e1n abonar los bancos. No es que sean cantidades elevadas (se habla de entre un 0&#8217;1 y el 0&#8217;2%) pero hace que llueva sobre mojado, de modo que si los ciudadanos ya est\u00e1bamos alertados y en guardia ante lo que se anunciaba en Chipre, la ocurrencia del se\u00f1or Montoso no ha hecho m\u00e1s que confirmarnos, una vez m\u00e1s, de que, cuando se habla de derechos de los ciudadanos, no se hace m\u00e1s que enga\u00f1arnos. De nuevo se incurre en algo que, por si s\u00f3lo, es capaz de hacer que la desconfianza hacia quien nos gobierna se incremente y que, hasta los que m\u00e1s confi\u00e1bamos en un cambio radical de pol\u00edtica con la llegada del PP, con una reestructuraci\u00f3n a fondo del aparato Estatal; con un recorte dr\u00e1stico de funcionarios; con un apoyo a los empresarios que les permitiese invertir y dar trabajo; con que se usara la amplia mayor\u00eda para acabar, de una vez, con los privilegios de algunos y poner orden en las autonom\u00edas secesionistas sin contemplaciones ni miedos; hemos acabado, se\u00f1ores, por sucumbir al pesimismo, pensando que nada ha cambiado y que  las promesas que se nos hicieron se han ido por el desag\u00fce del politiqueo, de las cesiones, de los miedos y las concesiones.<br \/>\n<\/span><\/p>\n<p style=\"text-align: justify; background: white\"><span style=\"color:black; font-family:Arial; font-size:10pt\">Lo que pretende el se\u00f1or Montoro, aunque el impacto pueda ser m\u00ednimo, no es m\u00e1s que establecer un precedente, abrir un camino e imponer un nuevo gravamen que, en cualquier momento, puede incrementarse y surtir efecto sobre unas cuentas privadas en las que la mayor\u00eda de los ciudadanos guardan sus ahorros o el capital que necesitan para el funcionamiento de sus empresas; algo que ya se ha gravado por varios impuestos (IRPF; IS etc.). Sin duda, se trata de un impuesto confiscatorio sobre el patrimonio de los espa\u00f1oles, un nuevo agravio a los ciudadanos y una arbitrariedad del poder. As\u00ed es, se\u00f1ores, como lo veo desde mi indignaci\u00f3n.<br \/>\n<\/span><\/p>\n<p style=\"margin-left: 36pt\"><span style=\"color:#1f497d; font-family:Arial; font-size:10pt\"><strong>Miguel Massanet Bosch<\/strong><\/span><\/p>\n","protected":false},"excerpt":{"rendered":"<p>\u00a0 \u00abLos abusos son todos compadres unos de otros y viven de la protecci\u00f3n que mutuamente se prestan\u00bb (P\u00edo Baroja) \u00a0 Dejando aparte el lamentable espect\u00e1culo que nos est\u00e1n dando los jueces de la Audiencia Nacional, se\u00f1ores Ruz y G\u00f3mez Berm\u00fadez, pele\u00e1ndose a cara de perro por hacerse cargo de un caso que creen que&#8230;<\/p>\n","protected":false},"author":1,"featured_media":0,"comment_status":"open","ping_status":"open","sticky":false,"template":"","format":"standard","meta":{"rop_custom_images_group":[],"rop_custom_messages_group":[],"rop_publish_now":"initial","rop_publish_now_accounts":[],"rop_publish_now_history":[],"rop_publish_now_status":"pending","footnotes":""},"categories":[1],"tags":[],"class_list":["post-2557","post","type-post","status-publish","format-standard","hentry","category-uncategorized"],"yoast_head":"<!-- This site is optimized with the Yoast SEO plugin v27.5 - https:\/\/yoast.com\/product\/yoast-seo-wordpress\/ -->\n<title>Basta ya de m\u00e1s cargas fiscales. Pongan orden en su chiringuito (por Miguel Massanet Bosch) - La Vanguardia de Cuenca<\/title>\n<meta name=\"robots\" content=\"index, follow, max-snippet:-1, max-image-preview:large, max-video-preview:-1\" \/>\n<link rel=\"canonical\" href=\"https:\/\/lavanguardiadecuenca.es\/?p=2557\" \/>\n<meta property=\"og:locale\" content=\"es_ES\" \/>\n<meta property=\"og:type\" content=\"article\" \/>\n<meta property=\"og:title\" content=\"Basta ya de m\u00e1s cargas fiscales. Pongan orden en su chiringuito (por Miguel Massanet Bosch) - La Vanguardia de Cuenca\" \/>\n<meta property=\"og:description\" content=\"\u00a0 \u00abLos abusos son todos compadres unos de otros y viven de la protecci\u00f3n que mutuamente se prestan\u00bb (P\u00edo Baroja) \u00a0 Dejando aparte el lamentable espect\u00e1culo que nos est\u00e1n dando los jueces de la Audiencia Nacional, se\u00f1ores Ruz y G\u00f3mez Berm\u00fadez, pele\u00e1ndose a cara de perro por hacerse cargo de un caso que creen que...\" \/>\n<meta property=\"og:url\" content=\"https:\/\/lavanguardiadecuenca.es\/?p=2557\" \/>\n<meta property=\"og:site_name\" content=\"La Vanguardia de Cuenca\" \/>\n<meta property=\"article:published_time\" content=\"2013-03-20T22:00:04+00:00\" \/>\n<meta name=\"author\" content=\"admin6567\" \/>\n<meta name=\"twitter:card\" content=\"summary_large_image\" \/>\n<meta name=\"twitter:label1\" content=\"Escrito por\" \/>\n\t<meta name=\"twitter:data1\" content=\"admin6567\" \/>\n\t<meta name=\"twitter:label2\" content=\"Tiempo de lectura\" \/>\n\t<meta name=\"twitter:data2\" content=\"7 minutos\" \/>\n<script type=\"application\/ld+json\" class=\"yoast-schema-graph\">{\"@context\":\"https:\\\/\\\/schema.org\",\"@graph\":[{\"@type\":\"Article\",\"@id\":\"https:\\\/\\\/lavanguardiadecuenca.es\\\/?p=2557#article\",\"isPartOf\":{\"@id\":\"https:\\\/\\\/lavanguardiadecuenca.es\\\/?p=2557\"},\"author\":{\"name\":\"admin6567\",\"@id\":\"https:\\\/\\\/lavanguardiadecuenca.es\\\/#\\\/schema\\\/person\\\/533d101fbc2a9ecf6af26aeddcaf1abd\"},\"headline\":\"Basta ya de m\u00e1s cargas fiscales. Pongan orden en su chiringuito (por Miguel Massanet Bosch)\",\"datePublished\":\"2013-03-20T22:00:04+00:00\",\"mainEntityOfPage\":{\"@id\":\"https:\\\/\\\/lavanguardiadecuenca.es\\\/?p=2557\"},\"wordCount\":1392,\"commentCount\":0,\"publisher\":{\"@id\":\"https:\\\/\\\/lavanguardiadecuenca.es\\\/#\\\/schema\\\/person\\\/efd3b99fe10ec3fad96a88f3ae7d092f\"},\"articleSection\":[\"Uncategorized\"],\"inLanguage\":\"es\",\"potentialAction\":[{\"@type\":\"CommentAction\",\"name\":\"Comment\",\"target\":[\"https:\\\/\\\/lavanguardiadecuenca.es\\\/?p=2557#respond\"]}]},{\"@type\":\"WebPage\",\"@id\":\"https:\\\/\\\/lavanguardiadecuenca.es\\\/?p=2557\",\"url\":\"https:\\\/\\\/lavanguardiadecuenca.es\\\/?p=2557\",\"name\":\"Basta ya de m\u00e1s cargas fiscales. Pongan orden en su chiringuito (por Miguel Massanet Bosch) - La Vanguardia de Cuenca\",\"isPartOf\":{\"@id\":\"https:\\\/\\\/lavanguardiadecuenca.es\\\/#website\"},\"datePublished\":\"2013-03-20T22:00:04+00:00\",\"breadcrumb\":{\"@id\":\"https:\\\/\\\/lavanguardiadecuenca.es\\\/?p=2557#breadcrumb\"},\"inLanguage\":\"es\",\"potentialAction\":[{\"@type\":\"ReadAction\",\"target\":[\"https:\\\/\\\/lavanguardiadecuenca.es\\\/?p=2557\"]}]},{\"@type\":\"BreadcrumbList\",\"@id\":\"https:\\\/\\\/lavanguardiadecuenca.es\\\/?p=2557#breadcrumb\",\"itemListElement\":[{\"@type\":\"ListItem\",\"position\":1,\"name\":\"Portada\",\"item\":\"https:\\\/\\\/lavanguardiadecuenca.es\\\/\"},{\"@type\":\"ListItem\",\"position\":2,\"name\":\"Basta ya de m\u00e1s cargas fiscales. Pongan orden en su chiringuito (por Miguel Massanet Bosch)\"}]},{\"@type\":\"WebSite\",\"@id\":\"https:\\\/\\\/lavanguardiadecuenca.es\\\/#website\",\"url\":\"https:\\\/\\\/lavanguardiadecuenca.es\\\/\",\"name\":\"La Vanguardia de Cuenca\",\"description\":\"Intereses: comunicaci\u00f3n y actualidad en general, weblogs, sociedad, pol\u00edtica\",\"publisher\":{\"@id\":\"https:\\\/\\\/lavanguardiadecuenca.es\\\/#\\\/schema\\\/person\\\/efd3b99fe10ec3fad96a88f3ae7d092f\"},\"potentialAction\":[{\"@type\":\"SearchAction\",\"target\":{\"@type\":\"EntryPoint\",\"urlTemplate\":\"https:\\\/\\\/lavanguardiadecuenca.es\\\/?s={search_term_string}\"},\"query-input\":{\"@type\":\"PropertyValueSpecification\",\"valueRequired\":true,\"valueName\":\"search_term_string\"}}],\"inLanguage\":\"es\"},{\"@type\":[\"Person\",\"Organization\"],\"@id\":\"https:\\\/\\\/lavanguardiadecuenca.es\\\/#\\\/schema\\\/person\\\/efd3b99fe10ec3fad96a88f3ae7d092f\",\"name\":\"Juan Andr\u00e9s Buedo\",\"image\":{\"@type\":\"ImageObject\",\"inLanguage\":\"es\",\"@id\":\"https:\\\/\\\/lavanguardiadecuenca.es\\\/wp-content\\\/uploads\\\/2025\\\/09\\\/6a00d8341c734753ef0278801a3634200d-250si.jpg\",\"url\":\"https:\\\/\\\/lavanguardiadecuenca.es\\\/wp-content\\\/uploads\\\/2025\\\/09\\\/6a00d8341c734753ef0278801a3634200d-250si.jpg\",\"contentUrl\":\"https:\\\/\\\/lavanguardiadecuenca.es\\\/wp-content\\\/uploads\\\/2025\\\/09\\\/6a00d8341c734753ef0278801a3634200d-250si.jpg\",\"width\":250,\"height\":250,\"caption\":\"Juan Andr\u00e9s Buedo\"},\"logo\":{\"@id\":\"https:\\\/\\\/lavanguardiadecuenca.es\\\/wp-content\\\/uploads\\\/2025\\\/09\\\/6a00d8341c734753ef0278801a3634200d-250si.jpg\"},\"sameAs\":[\"https:\\\/\\\/lavanguardiadecuenca.es\\\/\"]},{\"@type\":\"Person\",\"@id\":\"https:\\\/\\\/lavanguardiadecuenca.es\\\/#\\\/schema\\\/person\\\/533d101fbc2a9ecf6af26aeddcaf1abd\",\"name\":\"admin6567\",\"image\":{\"@type\":\"ImageObject\",\"inLanguage\":\"es\",\"@id\":\"https:\\\/\\\/secure.gravatar.com\\\/avatar\\\/79503df8b75d394ce1e22cb5293c3e8fee42d212f6de88e2d65bfaa128f73542?s=96&d=mm&r=g\",\"url\":\"https:\\\/\\\/secure.gravatar.com\\\/avatar\\\/79503df8b75d394ce1e22cb5293c3e8fee42d212f6de88e2d65bfaa128f73542?s=96&d=mm&r=g\",\"contentUrl\":\"https:\\\/\\\/secure.gravatar.com\\\/avatar\\\/79503df8b75d394ce1e22cb5293c3e8fee42d212f6de88e2d65bfaa128f73542?s=96&d=mm&r=g\",\"caption\":\"admin6567\"},\"sameAs\":[\"http:\\\/\\\/lavanguardiadecuenca.es\"],\"url\":\"https:\\\/\\\/lavanguardiadecuenca.es\\\/?author=1\"}]}<\/script>\n<!-- \/ Yoast SEO plugin. -->","yoast_head_json":{"title":"Basta ya de m\u00e1s cargas fiscales. Pongan orden en su chiringuito (por Miguel Massanet Bosch) - La Vanguardia de Cuenca","robots":{"index":"index","follow":"follow","max-snippet":"max-snippet:-1","max-image-preview":"max-image-preview:large","max-video-preview":"max-video-preview:-1"},"canonical":"https:\/\/lavanguardiadecuenca.es\/?p=2557","og_locale":"es_ES","og_type":"article","og_title":"Basta ya de m\u00e1s cargas fiscales. Pongan orden en su chiringuito (por Miguel Massanet Bosch) - La Vanguardia de Cuenca","og_description":"\u00a0 \u00abLos abusos son todos compadres unos de otros y viven de la protecci\u00f3n que mutuamente se prestan\u00bb (P\u00edo Baroja) \u00a0 Dejando aparte el lamentable espect\u00e1culo que nos est\u00e1n dando los jueces de la Audiencia Nacional, se\u00f1ores Ruz y G\u00f3mez Berm\u00fadez, pele\u00e1ndose a cara de perro por hacerse cargo de un caso que creen que...","og_url":"https:\/\/lavanguardiadecuenca.es\/?p=2557","og_site_name":"La Vanguardia de Cuenca","article_published_time":"2013-03-20T22:00:04+00:00","author":"admin6567","twitter_card":"summary_large_image","twitter_misc":{"Escrito por":"admin6567","Tiempo de lectura":"7 minutos"},"schema":{"@context":"https:\/\/schema.org","@graph":[{"@type":"Article","@id":"https:\/\/lavanguardiadecuenca.es\/?p=2557#article","isPartOf":{"@id":"https:\/\/lavanguardiadecuenca.es\/?p=2557"},"author":{"name":"admin6567","@id":"https:\/\/lavanguardiadecuenca.es\/#\/schema\/person\/533d101fbc2a9ecf6af26aeddcaf1abd"},"headline":"Basta ya de m\u00e1s cargas fiscales. Pongan orden en su chiringuito (por Miguel Massanet Bosch)","datePublished":"2013-03-20T22:00:04+00:00","mainEntityOfPage":{"@id":"https:\/\/lavanguardiadecuenca.es\/?p=2557"},"wordCount":1392,"commentCount":0,"publisher":{"@id":"https:\/\/lavanguardiadecuenca.es\/#\/schema\/person\/efd3b99fe10ec3fad96a88f3ae7d092f"},"articleSection":["Uncategorized"],"inLanguage":"es","potentialAction":[{"@type":"CommentAction","name":"Comment","target":["https:\/\/lavanguardiadecuenca.es\/?p=2557#respond"]}]},{"@type":"WebPage","@id":"https:\/\/lavanguardiadecuenca.es\/?p=2557","url":"https:\/\/lavanguardiadecuenca.es\/?p=2557","name":"Basta ya de m\u00e1s cargas fiscales. Pongan orden en su chiringuito (por Miguel Massanet Bosch) - La Vanguardia de Cuenca","isPartOf":{"@id":"https:\/\/lavanguardiadecuenca.es\/#website"},"datePublished":"2013-03-20T22:00:04+00:00","breadcrumb":{"@id":"https:\/\/lavanguardiadecuenca.es\/?p=2557#breadcrumb"},"inLanguage":"es","potentialAction":[{"@type":"ReadAction","target":["https:\/\/lavanguardiadecuenca.es\/?p=2557"]}]},{"@type":"BreadcrumbList","@id":"https:\/\/lavanguardiadecuenca.es\/?p=2557#breadcrumb","itemListElement":[{"@type":"ListItem","position":1,"name":"Portada","item":"https:\/\/lavanguardiadecuenca.es\/"},{"@type":"ListItem","position":2,"name":"Basta ya de m\u00e1s cargas fiscales. Pongan orden en su chiringuito (por Miguel Massanet Bosch)"}]},{"@type":"WebSite","@id":"https:\/\/lavanguardiadecuenca.es\/#website","url":"https:\/\/lavanguardiadecuenca.es\/","name":"La Vanguardia de Cuenca","description":"Intereses: comunicaci\u00f3n y actualidad en general, weblogs, sociedad, pol\u00edtica","publisher":{"@id":"https:\/\/lavanguardiadecuenca.es\/#\/schema\/person\/efd3b99fe10ec3fad96a88f3ae7d092f"},"potentialAction":[{"@type":"SearchAction","target":{"@type":"EntryPoint","urlTemplate":"https:\/\/lavanguardiadecuenca.es\/?s={search_term_string}"},"query-input":{"@type":"PropertyValueSpecification","valueRequired":true,"valueName":"search_term_string"}}],"inLanguage":"es"},{"@type":["Person","Organization"],"@id":"https:\/\/lavanguardiadecuenca.es\/#\/schema\/person\/efd3b99fe10ec3fad96a88f3ae7d092f","name":"Juan Andr\u00e9s Buedo","image":{"@type":"ImageObject","inLanguage":"es","@id":"https:\/\/lavanguardiadecuenca.es\/wp-content\/uploads\/2025\/09\/6a00d8341c734753ef0278801a3634200d-250si.jpg","url":"https:\/\/lavanguardiadecuenca.es\/wp-content\/uploads\/2025\/09\/6a00d8341c734753ef0278801a3634200d-250si.jpg","contentUrl":"https:\/\/lavanguardiadecuenca.es\/wp-content\/uploads\/2025\/09\/6a00d8341c734753ef0278801a3634200d-250si.jpg","width":250,"height":250,"caption":"Juan Andr\u00e9s Buedo"},"logo":{"@id":"https:\/\/lavanguardiadecuenca.es\/wp-content\/uploads\/2025\/09\/6a00d8341c734753ef0278801a3634200d-250si.jpg"},"sameAs":["https:\/\/lavanguardiadecuenca.es\/"]},{"@type":"Person","@id":"https:\/\/lavanguardiadecuenca.es\/#\/schema\/person\/533d101fbc2a9ecf6af26aeddcaf1abd","name":"admin6567","image":{"@type":"ImageObject","inLanguage":"es","@id":"https:\/\/secure.gravatar.com\/avatar\/79503df8b75d394ce1e22cb5293c3e8fee42d212f6de88e2d65bfaa128f73542?s=96&d=mm&r=g","url":"https:\/\/secure.gravatar.com\/avatar\/79503df8b75d394ce1e22cb5293c3e8fee42d212f6de88e2d65bfaa128f73542?s=96&d=mm&r=g","contentUrl":"https:\/\/secure.gravatar.com\/avatar\/79503df8b75d394ce1e22cb5293c3e8fee42d212f6de88e2d65bfaa128f73542?s=96&d=mm&r=g","caption":"admin6567"},"sameAs":["http:\/\/lavanguardiadecuenca.es"],"url":"https:\/\/lavanguardiadecuenca.es\/?author=1"}]}},"_links":{"self":[{"href":"https:\/\/lavanguardiadecuenca.es\/index.php?rest_route=\/wp\/v2\/posts\/2557","targetHints":{"allow":["GET"]}}],"collection":[{"href":"https:\/\/lavanguardiadecuenca.es\/index.php?rest_route=\/wp\/v2\/posts"}],"about":[{"href":"https:\/\/lavanguardiadecuenca.es\/index.php?rest_route=\/wp\/v2\/types\/post"}],"author":[{"embeddable":true,"href":"https:\/\/lavanguardiadecuenca.es\/index.php?rest_route=\/wp\/v2\/users\/1"}],"replies":[{"embeddable":true,"href":"https:\/\/lavanguardiadecuenca.es\/index.php?rest_route=%2Fwp%2Fv2%2Fcomments&post=2557"}],"version-history":[{"count":0,"href":"https:\/\/lavanguardiadecuenca.es\/index.php?rest_route=\/wp\/v2\/posts\/2557\/revisions"}],"wp:attachment":[{"href":"https:\/\/lavanguardiadecuenca.es\/index.php?rest_route=%2Fwp%2Fv2%2Fmedia&parent=2557"}],"wp:term":[{"taxonomy":"category","embeddable":true,"href":"https:\/\/lavanguardiadecuenca.es\/index.php?rest_route=%2Fwp%2Fv2%2Fcategories&post=2557"},{"taxonomy":"post_tag","embeddable":true,"href":"https:\/\/lavanguardiadecuenca.es\/index.php?rest_route=%2Fwp%2Fv2%2Ftags&post=2557"}],"curies":[{"name":"wp","href":"https:\/\/api.w.org\/{rel}","templated":true}]}}